{"id":557,"date":"2019-05-18T15:15:09","date_gmt":"2019-05-18T13:15:09","guid":{"rendered":"https:\/\/rsnb.rapportactivite.ch\/2024\/?p=557"},"modified":"2025-05-31T16:09:45","modified_gmt":"2025-05-31T14:09:45","slug":"nord-broye","status":"publish","type":"post","link":"https:\/\/rsnb.rapportactivite.ch\/2024\/nord-broye\/","title":{"rendered":"Dossier \u00c9lectronique du Patient"},"content":{"rendered":"<div class=\"wpb-content-wrapper\"><p>[vc_row source=&#8221;&#8221; text=&#8221;Edito&#8221; font_container=&#8221;tag:h2|text_align:left&#8221; use_theme_fonts=&#8221;yes&#8221; google_fonts=&#8221;font_family:Abril%20Fatface%3Aregular|font_style:400%20regular%3A400%3Anormal&#8221; link=&#8221;&#8221;][vc_column][vc_custom_heading text=&#8221;Le d\u00e9ploiement se poursuit en 2024&#8243; font_container=&#8221;tag:h3|text_align:left&#8221; use_theme_fonts=&#8221;yes&#8221; css=&#8221;&#8221; el_class=&#8221;page-title t&#8221;][vc_empty_space][\/vc_column][\/vc_row][vc_row source=&#8221;&#8221; text=&#8221;Edito&#8221; font_container=&#8221;tag:h2|text_align:left&#8221; use_theme_fonts=&#8221;yes&#8221; google_fonts=&#8221;font_family:Abril%20Fatface%3Aregular|font_style:400%20regular%3A400%3Anormal&#8221; link=&#8221;&#8221; css=&#8221;.vc_custom_1716553215106{margin-top: 30px !important;}&#8221;][vc_column][vc_single_image image=&#8221;5847&#8243; img_size=&#8221;large&#8221; alignment=&#8221;center&#8221;][vc_custom_heading text=&#8221;Renforcer l\u2019acc\u00e8s, informer et accompagner&#8221; font_container=&#8221;tag:h3|text_align:left&#8221; use_theme_fonts=&#8221;yes&#8221; css=&#8221;&#8221; el_class=&#8221;page-title t-small&#8221;][\/vc_column][\/vc_row][vc_row source=&#8221;&#8221; text=&#8221;Edito&#8221; font_container=&#8221;tag:h2|text_align:left&#8221; use_theme_fonts=&#8221;yes&#8221; google_fonts=&#8221;font_family:Abril%20Fatface%3Aregular|font_style:400%20regular%3A400%3Anormal&#8221; link=&#8221;&#8221;][vc_column width=&#8221;2\/3&#8243;][vc_column_text css=&#8221;&#8221;]En 2024, le R\u00e9seau Sant\u00e9 Nord Broye (RSNB) a poursuivi avec d\u00e9termination ses efforts pour promouvoir le Dossier \u00c9lectronique du Patient (DEP) aupr\u00e8s de la population et des professionnel\u00b7le\u00b7s de sant\u00e9. L\u2019ann\u00e9e a \u00e9t\u00e9 marqu\u00e9e par une grande diversit\u00e9 d\u2019actions, toutes guid\u00e9es par les valeurs de proximit\u00e9, d\u2019\u00e9coute et de collaboration.<\/p>\n<p><strong>Aller \u00e0 la rencontre des habitant\u00b7e\u00b7s : stands et guichets mobiles<\/strong><\/p>\n<p>L\u2019un des axes forts de cette ann\u00e9e a \u00e9t\u00e9 la pr\u00e9sence sur le terrain, au plus pr\u00e8s des citoyens et citoyennes. Le RSNB a organis\u00e9 ou particip\u00e9 \u00e0 plusieurs stands d&#8217;information dans des lieux de vie strat\u00e9giques, tels que des centres commerciaux et les march\u00e9s. Par exemple, des stands ont \u00e9t\u00e9 tenus \u00e0 Yverdon-les-Bains, Moudon, Orbe ou encore Chavornay. Le RSNB a \u00e9galement pris part au Comptoir du Nord vaudois du 15 au 24 mars \u00e0 Yverdon-les-Bains et \u00e0 l&#8217;Expo de Coss du 12 au 20 octobre \u00e0 Cossonay. Ces deux manifestations ont \u00e9t\u00e9 l&#8217;occasion de tenir, pour la premi\u00e8re fois, un stand avec l&#8217;un de nos partenaires r\u00e9gionaux, l\u2019ASPMAD.<\/p>\n<p>Ces actions ont permis d\u2019informer directement la population, de r\u00e9pondre aux interrogations concr\u00e8tes et, surtout, d&#8217;accompagner l\u2019ouverture de dossiers \u00e9lectroniques gr\u00e2ce \u00e0 une assistance sur place. L\u2019organisation de guichets mobiles, comme celui mis en place \u00e0 Moudon \u00e0 la demande de la population, illustre bien cette capacit\u00e9 \u00e0 r\u00e9pondre de mani\u00e8re souple et cibl\u00e9e aux besoins locaux.<\/p>\n<p><strong>Collaborations inter-r\u00e9seaux et \u00e9v\u00e8nements r\u00e9gionaux<\/strong><\/p>\n<p>Tout au long de l\u2019ann\u00e9e, le RSNB s\u2019est engag\u00e9 dans des \u00e9v\u00e9nements r\u00e9gionaux d\u2019envergure en lien avec la sant\u00e9, souvent en synergie avec les autres r\u00e9seaux vaudois. La participation au Forum Sant\u00e9, aux c\u00f4t\u00e9s des trois autres R\u00e9seaux de sant\u00e9, t\u00e9moigne de cette volont\u00e9 d\u2019harmonisation et de compl\u00e9mentarit\u00e9.<\/p>\n<p>Des actions plus cibl\u00e9es ont \u00e9galement \u00e9t\u00e9 men\u00e9es en collaboration avec le R\u00e9seau Sant\u00e9 Balcon du Jura (RSBJ) lors de conf\u00e9rences sur la nutrition ou le mouvement, ou encore avec Pro Senectute lors de la conf\u00e9rence Info-Seniors au Lieu. Ces \u00e9v\u00e8nements ont \u00e9t\u00e9 l\u2019occasion de pr\u00e9senter le DEP dans un cadre convivial, propice au dialogue, et d\u2019en souligner les b\u00e9n\u00e9fices concrets pour les patient\u00b7e\u00b7s et les professionnel\u00b7le\u00b7s.[\/vc_column_text][vc_single_image image=&#8221;7030&#8243; img_size=&#8221;medium&#8221; alignment=&#8221;center&#8221; css=&#8221;&#8221;][\/vc_column][vc_column width=&#8221;1\/3&#8243;][vc_column_text css=&#8221;&#8221; el_class=&#8221;text-couleur&#8221;]<span style=\"font-size: 14pt\"><strong>VaudID-sant\u00e9<\/strong><\/span><\/p>\n<p>L&#8217;identification est :<\/p>\n<ul>\n<li>gratuite<\/li>\n<li>financ\u00e9e par le Canton<\/li>\n<li>une solution souveraine de l\u2019\u00c9tat (pas de soci\u00e9t\u00e9 priv\u00e9e)<\/li>\n<\/ul>\n<p><span style=\"font-size: 14pt\"><strong>DEP &#8211; CARA<\/strong><\/span><\/p>\n<ul>\n<li>L&#8217;acc\u00e8s au DEP est gratuit<\/li>\n<li>Les transferts s\u00e9curis\u00e9s entre professionnel\u00b7le\u00b7s sont en d\u00e9ploiement<\/li>\n<li>CARA d\u00e9veloppe le plan de soins partag\u00e9 et le plan de m\u00e9dication partag\u00e9<\/li>\n<\/ul>\n<p>[\/vc_column_text][\/vc_column][vc_column][vc_column_text css=&#8221;&#8221;]<strong>Ancrage local et mise en place de permanences<\/strong><\/p>\n<p>L\u2019accueil tr\u00e8s positif du public dans certaines localit\u00e9s a conduit \u00e0 la cr\u00e9ation de nouvelles permanences, notamment \u00e0 L\u2019Abbaye et aux eHnv, dont les ouvertures sont pr\u00e9vues pour janvier 2025. Le RSNB affirme ainsi sa volont\u00e9 d\u2019\u00eatre pr\u00e9sent sur l\u2019ensemble du territoire, en maintenant une proximit\u00e9 concr\u00e8te avec la population, afin de garantir \u00e0 chacun\u00b7e un acc\u00e8s simple, humain et personnalis\u00e9 au DEP.[\/vc_column_text][vc_single_image image=&#8221;7029&#8243; img_size=&#8221;large&#8221; alignment=&#8221;center&#8221; css=&#8221;&#8221;][\/vc_column][\/vc_row][vc_row source=&#8221;&#8221; text=&#8221;Edito&#8221; font_container=&#8221;tag:h2|text_align:left&#8221; use_theme_fonts=&#8221;yes&#8221; google_fonts=&#8221;font_family:Abril%20Fatface%3Aregular|font_style:400%20regular%3A400%3Anormal&#8221; link=&#8221;&#8221;][vc_column][vc_custom_heading text=&#8221;Quelques chiffres&#8221; font_container=&#8221;tag:h3|text_align:left&#8221; use_theme_fonts=&#8221;yes&#8221; css=&#8221;&#8221; el_class=&#8221;page-title t-small&#8221;][vc_column_text css=&#8221;&#8221;]2&#8217;435 DEP ont \u00e9t\u00e9 ouverts en 2024 dans le canton de Vaud, dont plus d&#8217;un tiers par l&#8217;interm\u00e9diaire des diff\u00e9rents R\u00e9seaux de sant\u00e9. Comme d\u00e9j\u00e0 observ\u00e9 en 2023, la possibilit\u00e9 d&#8217;identification par vid\u00e9o devient la solution pr\u00e9f\u00e9rentielle de la population pour ouvrir son DEP et repr\u00e9sente 66% des ouvertures en 2024. Afin d&#8217;assurer un acc\u00e8s \u00e0 l&#8217;enti\u00e8ret\u00e9 de la population, les R\u00e9seaux de sant\u00e9 poursuivent leurs projets de sensibilisation, information et accompagnement \u00e0 la population.[\/vc_column_text][vc_single_image image=&#8221;7010&#8243; img_size=&#8221;full&#8221; alignment=&#8221;center&#8221; css=&#8221;&#8221;][vc_empty_space][\/vc_column][\/vc_row][vc_row][vc_column width=&#8221;2\/3&#8243;][vc_custom_heading text=&#8221;Pour la suite&#8230;&#8221; font_container=&#8221;tag:h3|text_align:left&#8221; use_theme_fonts=&#8221;yes&#8221; css=&#8221;&#8221; el_class=&#8221;page-title t-small&#8221;][vc_column_text css=&#8221;&#8221;]<strong>Perspectives 2025<\/strong><\/p>\n<p class=\"\" data-start=\"228\" data-end=\"580\">En 2025, le RSNB entend poursuivre activement le d\u00e9ploiement du DEP aupr\u00e8s de la population, en ouvrant de nouveaux guichets et permanences dans les diff\u00e9rentes r\u00e9gions de la Broye et du Nord vaudois. L\u2019objectif est clair : renforcer la proximit\u00e9 et offrir \u00e0 chacun\u00b7e un accompagnement accessible, quel que soit son lieu de vie.<\/p>\n<p class=\"\" data-start=\"582\" data-end=\"868\">En parall\u00e8le, le R\u00e9seau souhaite p\u00e9renniser les permanences locales existantes, intensifier les actions cibl\u00e9es vers les seniors &#8211; public prioritaire en mati\u00e8re de coordination des soins &#8211; et acc\u00e9l\u00e9rer l\u2019int\u00e9gration du DEP dans les pratiques professionnelles sur le terrain.<\/p>\n<p class=\"\" data-start=\"870\" data-end=\"1105\">L\u2019enjeu reste double : d\u00e9mocratiser le DEP aupr\u00e8s du grand public et convaincre les professionnel\u00b7le\u00b7s de sant\u00e9 de sa valeur ajout\u00e9e au quotidien.<\/p>\n<p>[\/vc_column_text][vc_btn title=&#8221;Retour&#8221; style=&#8221;flat&#8221; shape=&#8221;square&#8221; color=&#8221;btn-rsnb1&#8243; align=&#8221;left&#8221; i_icon_fontawesome=&#8221;fas fa-angle-left&#8221; css=&#8221;.vc_custom_1748532163821{margin-top: 15px !important;}&#8221; add_icon=&#8221;true&#8221; link=&#8221;url:https%3A%2F%2Frsnb.rapportactivite.ch%2F2024%2F%23reperes|title:Retour%20%C3%A0%20l&#8217;accueil&#8221;][\/vc_column][vc_column width=&#8221;1\/3&#8243;][\/vc_column][\/vc_row]<\/p>\n<\/div>","protected":false},"excerpt":{"rendered":"<p>[vc_row source=&#8221;&#8221; text=&#8221;Edito&#8221; font_container=&#8221;tag:h2|text_align:left&#8221; use_theme_fonts=&#8221;yes&#8221; google_fonts=&#8221;font_family:Abril%20Fatface%3Aregular|font_style:400%20regular%3A400%3Anormal&#8221; link=&#8221;&#8221;][vc_column][vc_custom_heading text=&#8221;Le d\u00e9ploiement se poursuit en 2024&#8243; font_container=&#8221;tag:h3|text_align:left&#8221; use_theme_fonts=&#8221;yes&#8221; css=&#8221;&#8221; el_class=&#8221;page-title t&#8221;][vc_empty_space][\/vc_column][\/vc_row][vc_row source=&#8221;&#8221; text=&#8221;Edito&#8221; font_container=&#8221;tag:h2|text_align:left&#8221; use_theme_fonts=&#8221;yes&#8221; google_fonts=&#8221;font_family:Abril%20Fatface%3Aregular|font_style:400%20regular%3A400%3Anormal&#8221; link=&#8221;&#8221; css=&#8221;.vc_custom_1716553215106{margin-top: 30px !important;}&#8221;][vc_column][vc_single_image image=&#8221;5847&#8243; img_size=&#8221;large&#8221; alignment=&#8221;center&#8221;][vc_custom_heading text=&#8221;Renforcer l\u2019acc\u00e8s, informer et accompagner&#8221; font_container=&#8221;tag:h3|text_align:left&#8221; use_theme_fonts=&#8221;yes&#8221; css=&#8221;&#8221; el_class=&#8221;page-title t-small&#8221;][\/vc_column][\/vc_row][vc_row source=&#8221;&#8221; text=&#8221;Edito&#8221; font_container=&#8221;tag:h2|text_align:left&#8221; use_theme_fonts=&#8221;yes&#8221; google_fonts=&#8221;font_family:Abril%20Fatface%3Aregular|font_style:400%20regular%3A400%3Anormal&#8221; link=&#8221;&#8221;][vc_column width=&#8221;2\/3&#8243;][vc_column_text css=&#8221;&#8221;]En 2024, le R\u00e9seau Sant\u00e9 Nord Broye (RSNB) [&#8230;]<\/p>\n<p><a class=\"btn btn-secondary understrap-read-more-link\" href=\"https:\/\/rsnb.rapportactivite.ch\/2024\/nord-broye\/\">Lire la suite\u2026<span class=\"screen-reader-text\"> from Dossier \u00c9lectronique du Patient<\/span><\/a><\/p>\n","protected":false},"author":3,"featured_media":7101,"comment_status":"closed","ping_status":"closed","sticky":false,"template":"","format":"standard","meta":{"_acf_changed":false,"wds_primary_category":0,"footnotes":""},"categories":[6],"tags":[],"acf":[],"_links":{"self":[{"href":"https:\/\/rsnb.rapportactivite.ch\/2024\/wp-json\/wp\/v2\/posts\/557"}],"collection":[{"href":"https:\/\/rsnb.rapportactivite.ch\/2024\/wp-json\/wp\/v2\/posts"}],"about":[{"href":"https:\/\/rsnb.rapportactivite.ch\/2024\/wp-json\/wp\/v2\/types\/post"}],"author":[{"embeddable":true,"href":"https:\/\/rsnb.rapportactivite.ch\/2024\/wp-json\/wp\/v2\/users\/3"}],"replies":[{"embeddable":true,"href":"https:\/\/rsnb.rapportactivite.ch\/2024\/wp-json\/wp\/v2\/comments?post=557"}],"version-history":[{"count":278,"href":"https:\/\/rsnb.rapportactivite.ch\/2024\/wp-json\/wp\/v2\/posts\/557\/revisions"}],"predecessor-version":[{"id":7733,"href":"https:\/\/rsnb.rapportactivite.ch\/2024\/wp-json\/wp\/v2\/posts\/557\/revisions\/7733"}],"wp:featuredmedia":[{"embeddable":true,"href":"https:\/\/rsnb.rapportactivite.ch\/2024\/wp-json\/wp\/v2\/media\/7101"}],"wp:attachment":[{"href":"https:\/\/rsnb.rapportactivite.ch\/2024\/wp-json\/wp\/v2\/media?parent=557"}],"wp:term":[{"taxonomy":"category","embeddable":true,"href":"https:\/\/rsnb.rapportactivite.ch\/2024\/wp-json\/wp\/v2\/categories?post=557"},{"taxonomy":"post_tag","embeddable":true,"href":"https:\/\/rsnb.rapportactivite.ch\/2024\/wp-json\/wp\/v2\/tags?post=557"}],"curies":[{"name":"wp","href":"https:\/\/api.w.org\/{rel}","templated":true}]}}