{"id":689,"date":"2019-05-25T17:01:26","date_gmt":"2019-05-25T15:01:26","guid":{"rendered":"https:\/\/rsnb.rapportactivite.ch\/2022\/?p=689"},"modified":"2023-05-25T16:39:16","modified_gmt":"2023-05-25T14:39:16","slug":"garde-medicale","status":"publish","type":"post","link":"https:\/\/rsnb.rapportactivite.ch\/2022\/garde-medicale\/","title":{"rendered":"La Garde m\u00e9dicale Nord et Broye"},"content":{"rendered":"<div class=\"wpb-content-wrapper\"><p>[vc_row source=&#8221;&#8221; text=&#8221;Edito&#8221; font_container=&#8221;tag:h2|text_align:left&#8221; use_theme_fonts=&#8221;yes&#8221; google_fonts=&#8221;font_family:Abril%20Fatface%3Aregular|font_style:400%20regular%3A400%3Anormal&#8221; link=&#8221;&#8221;][vc_column width=&#8221;2\/3&#8243;][vc_custom_heading text=&#8221;La fin du projet est d\u00e9cal\u00e9e&#8221; font_container=&#8221;tag:h3|text_align:left|color:%238cc400&#8243; use_theme_fonts=&#8221;yes&#8221; el_class=&#8221;page-title t-small&#8221;][vc_column_text]2022 aurait d\u00fb \u00eatre la derni\u00e8re ann\u00e9e de fonctionnement en mode projet de la gestion de la garde m\u00e9dicale, avant de passer en mode de fonctionnement p\u00e9renne et permettre au R\u00e9seau de l\u2019int\u00e9grer dans ses prestations d\u2019aide et de soutien \u00e0 la communaut\u00e9.<\/p>\n<p>Ce passage se r\u00e9alisera fin 2023, si le calendrier est tenu.[\/vc_column_text][vc_custom_heading text=&#8221;Ce qui a \u00e9t\u00e9 r\u00e9alis\u00e9 en 2022&#8243; font_container=&#8221;tag:h3|text_align:left&#8221; use_theme_fonts=&#8221;yes&#8221; el_class=&#8221;page-title t-small&#8221;][vc_column_text]Une grande partie de l\u2019activit\u00e9 a \u00e9t\u00e9 concentr\u00e9e sur l\u2019am\u00e9lioration administrative pour permettre une gestion plus efficace des fonds allou\u00e9s par la DGS et de leur r\u00e9partition aupr\u00e8s des m\u00e9decins assurant la garde.<\/p>\n<p>En 2022, le R\u00e9seau a g\u00e9r\u00e9 un budget de plus de 870\u2019000 CHF r\u00e9partis aupr\u00e8s de plus de 210 m\u00e9decins faisant la garde (m\u00e9decins de premier recours, p\u00e9diatres, psychiatres et gyn\u00e9cologues). \u00c0 cela, s&#8217;ajoutent les gardes de nuit faites par les eHnv et le HIB ainsi que les gardes \u00e0 la permanence du PRS (3 soirs par semaine).<\/p>\n<p>Cela repr\u00e9sente plus de 700 versements \u00e0 contr\u00f4ler et \u00e0 assurer dans l\u2019ann\u00e9e. Vu le volume de transactions, dans une id\u00e9e d&#8217;am\u00e9lioration et de contr\u00f4le plus rigoureux des flux, le secr\u00e9tariat de la garde s\u2019est dot\u00e9 d\u2019un logiciel permettant une gestion plus efficace.<\/p>\n<p>Cette ann\u00e9e, plusieurs am\u00e9liorations des gardes ont \u00e9t\u00e9 apport\u00e9es soit r\u00e9gionalement, soit cantonalement.<\/p>\n<p>Au niveau r\u00e9gional :<\/p>\n<ul>\n<li>Garde de gyn\u00e9cologie :\u00a0 La question de l\u2019efficacit\u00e9 de la garde propos\u00e9e \u00e0 la population depuis mars 2021 est \u00e0 nouveau pos\u00e9e. \u00c0 ce jour, cette garde est peu utilis\u00e9e. Son mode de mise en place ne correspond pas aux besoins de la population et son fonctionnement va \u00eatre revu en 2023.<\/li>\n<li>Garde \u00e0 la permanence PRS des eHnv : Un groupe de travail s\u2019est pench\u00e9 sur l\u2019ouverture de cette garde les dimanches et jours f\u00e9ri\u00e9s. Ce d\u00e9veloppement devrait avoir lieu d\u00e8s le d\u00e9but de 2023.<\/li>\n<li>Garde \u00e0 La Vall\u00e9e de Joux et au Balcon du Jura : Vu le peu de m\u00e9decins disponibles, la p\u00e9nibilit\u00e9 de la garde \u00e0 La Vall\u00e9e de Joux et au Balcon du Jura est un sujet \u00e0 nouveau \u00e9voqu\u00e9. Cette th\u00e9matique a \u00e9t\u00e9 reprise par la DGS en fin d&#8217;ann\u00e9e et une meilleure r\u00e9ponse devrait \u00eatre apport\u00e9e en 2023.<\/li>\n<\/ul>\n<p>Au niveau cantonal :<\/p>\n<ul>\n<li>Garde de psychiatrie : Un engagement du psychiatre, r\u00e9alis\u00e9 directement par la CTMG, en fonction de crit\u00e8res de tri discut\u00e9s et valid\u00e9s par un groupe de travail regroupant des psychiatres et des m\u00e9decins de premiers recours, est test\u00e9. Si ce test est probant, le mode d\u2019engagement deviendra p\u00e9renne et les crit\u00e8res d\u2019engagement pourront \u00eatre valid\u00e9s et \u00e9largis. Le point de tension concernant l\u2019engagement de la garde de psychiatrie en journ\u00e9e sera travaill\u00e9 en 2023.<\/li>\n<\/ul>\n<p>La Commission r\u00e9gionale de la garde a fonctionn\u00e9 sans pr\u00e9sidence en 2022. Elle s\u2019est r\u00e9unie 4 fois en pr\u00e9sentiel et en visioconf\u00e9rence. Ce nouveau mode de rencontre a du succ\u00e8s et facilite les \u00e9changes.[\/vc_column_text][vc_custom_heading text=&#8221;La garde en quelques chiffres :&#8221; font_container=&#8221;tag:h3|text_align:left&#8221; use_theme_fonts=&#8221;yes&#8221; el_class=&#8221;page-title t-small&#8221;][vc_column_text]<strong>\u00c9volution du nombre de patient\u00b7e\u00b7s aux urgences des eHnv, vu\u00b7e\u00b7s par un m\u00e9decin de garde \u00e0 la permanence du PRS<\/strong><\/p>\n<p>les lundis, vendredis et samedis de 18h \u00e0 22h[\/vc_column_text]<div class=\"rrj-chart rrj-bar-chart\">\n\t<div class=\"\">\n\n\t\t\n\t\t<h6 class=\"chart-title\" style=\"text-align:left\">Garde PRS - Nombre de patient\u00b7e\u00b7s par ann\u00e9e<\/h6>\n\n\t\t\n\t\t\n\t\t\n\t\t\n\t\t<canvas id=\"hGxI1f5h\" style=\"width:16px;height:9px;\"><\/canvas>\n\n\t\t\n\t\t<div class=\"rrj-preload-wrap\" style=\"position:relative;text-align:center;padding-bottom:56.25%;width:100%;height:0;\"><div class=\"rrj-preloader-inner\" style=\"padding-top:calc( 28.125% - 52px\"><img decoding=\"async\" alt=\"\" src=\"https:\/\/rsnb.rapportactivite.ch\/2022\/wp-content\/plugins\/rrj-advanced-charts\/assets\/images\/loading.gif\" \/><\/div><\/div>\n\t\t\n\t<\/div>\n<\/div>\n[vc_empty_space][vc_column_text]La fr\u00e9quentation des urgences des eHnv augmente chaque ann\u00e9e et le soutien que la Permanence PRS apporte pour les d\u00e9sengorger est de plus en plus significatif.<\/p>\n<p>Cette mise en place r\u00e9gionale est maintenant \u00e0 l\u2019\u00e9tude pour d\u00e9sengorger les urgences des autres h\u00f4pitaux de notre canton. Pour la r\u00e9gion Nord, une augmentation de la pr\u00e9sence de cette garde les dimanches et les jours f\u00e9ri\u00e9s sera mise en place d\u00e8s janvier 2023. La question reste ouverte pour ouvrir 7j\/7.[\/vc_column_text][vc_btn title=&#8221;Retour&#8221; style=&#8221;flat&#8221; shape=&#8221;square&#8221; color=&#8221;btn-rsnb1&#8243; align=&#8221;left&#8221; i_icon_fontawesome=&#8221;&#8221; add_icon=&#8221;true&#8221; link=&#8221;url:https%3A%2F%2Frsnb.rapportactivite.ch%2F2022%2F%23projets|title:Retour%20%C3%A0%20l&#8217;accueil&#8221; css=&#8221;.vc_custom_1684935346314{margin-top: 15px !important;}&#8221;][\/vc_column][vc_column width=&#8221;1\/3&#8243;][\/vc_column][\/vc_row]<\/p>\n<\/div>","protected":false},"excerpt":{"rendered":"<p>[vc_row source=&#8221;&#8221; text=&#8221;Edito&#8221; font_container=&#8221;tag:h2|text_align:left&#8221; use_theme_fonts=&#8221;yes&#8221; google_fonts=&#8221;font_family:Abril%20Fatface%3Aregular|font_style:400%20regular%3A400%3Anormal&#8221; link=&#8221;&#8221;][vc_column width=&#8221;2\/3&#8243;][vc_custom_heading text=&#8221;La fin du projet est d\u00e9cal\u00e9e&#8221; font_container=&#8221;tag:h3|text_align:left|color:%238cc400&#8243; use_theme_fonts=&#8221;yes&#8221; el_class=&#8221;page-title t-small&#8221;][vc_column_text]2022 aurait d\u00fb \u00eatre la derni\u00e8re ann\u00e9e de fonctionnement en mode projet de la gestion de la garde m\u00e9dicale, avant de passer en mode de fonctionnement p\u00e9renne et permettre au R\u00e9seau de l\u2019int\u00e9grer dans ses prestations d\u2019aide et [&#8230;]<\/p>\n<p><a class=\"btn btn-secondary understrap-read-more-link\" href=\"https:\/\/rsnb.rapportactivite.ch\/2022\/garde-medicale\/\">Lire la suite\u2026<span class=\"screen-reader-text\"> from La Garde m\u00e9dicale Nord et Broye<\/span><\/a><\/p>\n","protected":false},"author":3,"featured_media":5127,"comment_status":"closed","ping_status":"closed","sticky":false,"template":"","format":"standard","meta":{"_acf_changed":false,"wds_primary_category":0,"footnotes":""},"categories":[5],"tags":[],"acf":[],"_links":{"self":[{"href":"https:\/\/rsnb.rapportactivite.ch\/2022\/wp-json\/wp\/v2\/posts\/689"}],"collection":[{"href":"https:\/\/rsnb.rapportactivite.ch\/2022\/wp-json\/wp\/v2\/posts"}],"about":[{"href":"https:\/\/rsnb.rapportactivite.ch\/2022\/wp-json\/wp\/v2\/types\/post"}],"author":[{"embeddable":true,"href":"https:\/\/rsnb.rapportactivite.ch\/2022\/wp-json\/wp\/v2\/users\/3"}],"replies":[{"embeddable":true,"href":"https:\/\/rsnb.rapportactivite.ch\/2022\/wp-json\/wp\/v2\/comments?post=689"}],"version-history":[{"count":162,"href":"https:\/\/rsnb.rapportactivite.ch\/2022\/wp-json\/wp\/v2\/posts\/689\/revisions"}],"predecessor-version":[{"id":5609,"href":"https:\/\/rsnb.rapportactivite.ch\/2022\/wp-json\/wp\/v2\/posts\/689\/revisions\/5609"}],"wp:featuredmedia":[{"embeddable":true,"href":"https:\/\/rsnb.rapportactivite.ch\/2022\/wp-json\/wp\/v2\/media\/5127"}],"wp:attachment":[{"href":"https:\/\/rsnb.rapportactivite.ch\/2022\/wp-json\/wp\/v2\/media?parent=689"}],"wp:term":[{"taxonomy":"category","embeddable":true,"href":"https:\/\/rsnb.rapportactivite.ch\/2022\/wp-json\/wp\/v2\/categories?post=689"},{"taxonomy":"post_tag","embeddable":true,"href":"https:\/\/rsnb.rapportactivite.ch\/2022\/wp-json\/wp\/v2\/tags?post=689"}],"curies":[{"name":"wp","href":"https:\/\/api.w.org\/{rel}","templated":true}]}}