{"id":620,"date":"2019-05-18T21:18:36","date_gmt":"2019-05-18T19:18:36","guid":{"rendered":"https:\/\/rsnb.rapportactivite.ch\/2022\/?p=620"},"modified":"2023-06-01T14:49:25","modified_gmt":"2023-06-01T12:49:25","slug":"le-pole-regional-sante","status":"publish","type":"post","link":"https:\/\/rsnb.rapportactivite.ch\/2022\/le-pole-regional-sante\/","title":{"rendered":"Le P\u00f4le R\u00e9gional Sant\u00e9"},"content":{"rendered":"<div class=\"wpb-content-wrapper\"><p>[vc_row][vc_column width=&#8221;2\/3&#8243;][vc_custom_heading text=&#8221;Cl\u00f4ture des projets &#8211; Pr\u00e9paration \u00e0 la p\u00e9rennisation des prestations&#8221; font_container=&#8221;tag:h3|text_align:left&#8221; use_theme_fonts=&#8221;yes&#8221; el_class=&#8221;page-title&#8221;][\/vc_column][\/vc_row][vc_row][vc_column width=&#8221;2\/3&#8243;][vc_column_text]Les ann\u00e9es 2022 et 2023 marquent une p\u00e9riode de transition avec la fin de certaines r\u00e9alisations et la perspective d&#8217;une reprise par les institutions des projets &#8220;incub\u00e9s&#8221; dans le cadre du PRS.<\/p>\n<p>Cette p\u00e9riode de transition signifiera \u00e9galement la possibilit\u00e9 pour d&#8217;autres institutions, notamment l&#8217;HIB et le PSVJ, de prendre connaissance des r\u00e9alisations afin d&#8217;en \u00e9valuer la pertinence de d\u00e9veloppement aupr\u00e8s de leurs institutions. L&#8217;intention est que le PRS continue de jouer son r\u00f4le d&#8217;incubateur dans le domaine de la crise et de la transition, avec la promotion du processus clinique transverse.<\/p>\n<p>Diff\u00e9rents rapports et bilans ont \u00e9t\u00e9 r\u00e9alis\u00e9s en 2022. Ils sont disponibles en cliquant <a href=\"https:\/\/www.reseau-sante-nord-broye.ch\/rapports\" target=\"_blank\" rel=\"noopener\">ici<\/a>.[\/vc_column_text][\/vc_column][vc_column width=&#8221;1\/3&#8243;][vc_column_text el_class=&#8221;text-couleur&#8221;]<span class=\"rsnb-evidence\"><span style=\"font-size: 24pt\">7<\/span>\u00a0s<\/span>\u00e9ances d\u2019\u00e9quipe avec les charg\u00e9\u00b7e\u00b7s de projet<\/p>\n<p><span class=\"rsnb-evidence\"><span style=\"font-size: 24pt\">5<\/span>\u00a0s<\/span>\u00e9ances de Comit\u00e9 Sp\u00e9cialis\u00e9 (cadres des institutions)<\/p>\n<p><span class=\"rsnb-evidence\"><span style=\"font-size: 24pt\">9<\/span>\u00a0<\/span>participations aux s\u00e9ances de Bureau Nord (directions des institutions)[\/vc_column_text][\/vc_column][\/vc_row][vc_row][vc_column][vc_custom_heading text=&#8221;Avancement des projets en 2022&#8243; font_container=&#8221;tag:h3|text_align:left&#8221; use_theme_fonts=&#8221;yes&#8221; el_class=&#8221;page-title t-small&#8221;][\/vc_column][\/vc_row][vc_row][vc_column width=&#8221;2\/3&#8243;][vc_column_text]<\/p>\n<h3><span style=\"font-size: 18pt\">Gestion de cas th\u00e9rapeutique &#8211; Insuffisance cardiaque<\/span><\/h3>\n<p>Le suivi \u00e0 domicile des patient\u00b7e\u00b7s insuffisants cardiaques complexes a \u00e9t\u00e9 poursuivi, tant en milieu hospitalier qu\u2019\u00e0 domicile.<\/p>\n<p>En collaboration avec les clinicien\u00b7ne\u00b7s des services stationnaires, plusieurs ateliers de formations courtes ont \u00e9t\u00e9 dispens\u00e9s aux eHnv (site de St-Loup et Orbe). Les \u00e9quipes des sites de Chamblon et Yverdon seront form\u00e9es en 2023.<\/p>\n<p>L\u2019Equipe 24\/24 de l&#8217;ASPMAD a aussi b\u00e9n\u00e9fici\u00e9 de plusieurs sessions de formations courtes sur l\u2019insuffisance cardiaque. La r\u00e9flexion est en cours avec l\u2019ASPMAD en vue de former les \u00e9quipes des CMS.<\/p>\n<p>L\u2019infirmi\u00e8re sp\u00e9cialis\u00e9e fait toujours partie des formateurs \u00e0 l\u2019\u00e9valuation clinique des eHnv et donne aussi des ateliers flash sur la surveillance infirmi\u00e8re des patient\u00b7e\u00b7s insuffisants cardiaques dans les services stationnaires des eHnv, en collaboration avec les clinicien\u00b7ne\u00b7s des services.<\/p>\n<p>Une proc\u00e9dure de prise en charge intensive \u00e0 domicile des patient\u00b7ne\u00b7s insuffisants cardiaques a \u00e9t\u00e9 cr\u00e9\u00e9e avec l\u2019Equipe 24\/24 de l\u2019ASPMAD et sera activ\u00e9e en 2023.<\/p>\n<p>Le rapport final du projet a \u00e9t\u00e9 r\u00e9dig\u00e9 et adress\u00e9 au canton. Il est disponible sur demande.[\/vc_column_text][\/vc_column][vc_column width=&#8221;1\/3&#8243;][vc_empty_space height=&#8221;76px&#8221;][vc_column_text el_class=&#8221;text-couleur&#8221;]<span style=\"font-size: 24pt\">32<\/span> patient\u00b7e\u00b7s suivi\u00b7e\u00b7s<\/p>\n<p><span style=\"font-size: 24pt\">95<\/span> visites \u00e0 domicile[\/vc_column_text][\/vc_column][\/vc_row][vc_row][vc_column width=&#8221;2\/3&#8243;][vc_column_text]<\/p>\n<h3><span style=\"font-size: 18pt\">G\u00e9riatrie transverse en plaine &#8211; Team g\u00e9riatrie<\/span><\/h3>\n<p>En 2022, <strong>l\u2019\u00e9quipe interdisciplinaire<\/strong> Team g\u00e9riatrie a poursuivi l\u2019\u00e9valuation g\u00e9riatrique standardis\u00e9e aupr\u00e8s des patient\u00b7e\u00b7s hospitalis\u00e9\u00b7e\u00b7s, \u00e2g\u00e9\u00b7e\u00b7s de plus de 75 ans. Des recommandations ont pu \u00eatre donn\u00e9es aux \u00e9quipes de premi\u00e8re ligne en vue d\u2019am\u00e9liorer la qualit\u00e9 de la prise en soins des a\u00een\u00e9\u00b7e\u00b7s.<\/p>\n<p>Plusieurs <strong>ateliers de formation<\/strong> ont permis de d\u00e9velopper la culture g\u00e9riatrique des \u00e9quipes au sein des diff\u00e9rents sites. Les th\u00e8mes abord\u00e9s \u00e9taient : le vieillissement, la douleur, l\u2019\u00e9tat confusionnel aigu, la nutrition, la mobilit\u00e9, la constipation et la iatrog\u00e9nie. Les \u00e9quipes ont \u00e9galement b\u00e9n\u00e9fici\u00e9 d\u2019ateliers de sensibilisation, notamment avec l\u2019utilisation d\u2019un simulateur de vieillissement.<\/p>\n<p>Le processus de <strong>d\u00e9tection de la fragilit\u00e9 <\/strong>des patient\u00b7e\u00b7s \u00e2g\u00e9\u00b7e\u00b7s passant par le service des urgences a permis de r\u00e9f\u00e9rer <strong><span style=\"font-size: 14pt\">357 patient\u00b7e\u00b7s<\/span><\/strong> au Centre M\u00e9moire et G\u00e9riatrie en 2022. 40 de ces patient\u00b7e\u00b7s ont pu b\u00e9n\u00e9ficier, avec l\u2019accord de leur m\u00e9decin, d\u2019une \u00e9valuation g\u00e9riatrique sp\u00e9cialis\u00e9e \u00e0 leur domicile et de recommandations concernant leur prise en soins.[\/vc_column_text][\/vc_column][vc_column width=&#8221;1\/3&#8243;][vc_empty_space height=&#8221;72px&#8221;][vc_column_text el_class=&#8221;text-couleur&#8221;]Un <strong>simulateur de vieillissement<\/strong> a \u00e9t\u00e9 acquis par le RSNB. Il est disponible pour les partenaires sur demande \u00e0 la Team g\u00e9riatrique des eHnv.<\/p>\n<p>Formation continue\u00a0:<\/p>\n<ul>\n<li><span style=\"font-size: 18pt\">81<\/span> ateliers sur le site d\u2019Yverdon<\/li>\n<li><span style=\"font-size: 18pt\">35<\/span> ateliers sur le site de St-Loup<\/li>\n<\/ul>\n<p><span style=\"font-size: 18pt\">3&#8217;666<\/span> visites\/d\u00e9tections aux urgences<\/p>\n<p><span style=\"font-size: 18pt\">40<\/span> \u00e9valuations sp\u00e9cialis\u00e9es \u00e0 domicile[\/vc_column_text][\/vc_column][\/vc_row][vc_row][vc_column width=&#8221;2\/3&#8243;][vc_column_text]<\/p>\n<h3><span style=\"font-size: 18pt\">G\u00e9riatrie transverse &#8211; Balcon du Jura<\/span><\/h3>\n<p>La d\u00e9tection aupr\u00e8s de la policlinique est bien ancr\u00e9e, avec un\u00a0<strong>tr\u00e8s bon taux<\/strong> atteint et une transmission au ou \u00e0 la m\u00e9decin traitant\u00b7e qui devient syst\u00e9matique.<\/p>\n<p><strong>Un groupe de travail \u00ab\u00a0g\u00e9riatrie transverse\u00a0\u00bb<\/strong> au sein du RSBJ se r\u00e9unit tous les 2 mois :<\/p>\n<ul>\n<li>Des am\u00e9liorations par milieu et entre les milieux ont pu \u00eatre apport\u00e9es : am\u00e9lioration dans la prise en charge des courts s\u00e9jours et transmission syst\u00e9matique aux m\u00e9decins traitant\u00b7e\u00b7s des \u00e9valuations r\u00e9alis\u00e9es par le CMS notamment.<\/li>\n<li>Des <strong>formations g\u00e9riatriques et une augmentation des comp\u00e9tences <\/strong>des 1<sup>res<\/sup>\u00a0lignes de soins permettent au RSBJ de s\u2019inscrire dans une culture g\u00e9riatrique.<\/li>\n<li>Pr\u00e9paration d\u2019ateliers flashs g\u00e9riatriques pour une r\u00e9alisation transverse en 2023<\/li>\n<li>1 journ\u00e9e de formation transverse<\/li>\n<li>Plusieurs formations de rappels mises en place pour les \u00e9quipes m\u00e9dicales et soignantes<\/li>\n<li>Plusieurs formations ouvertes \u00e0 l\u2019ensemble des soignant\u00b7e\u00b7s, tous milieux confondus<\/li>\n<\/ul>\n<p>En fin d\u2019ann\u00e9e, un soutien clinique par une infirmi\u00e8re sp\u00e9cialis\u00e9e en g\u00e9riatrie a permis de renforcer l\u2019accompagnement des professionnel\u00b7le\u00b7s dans les bonnes pratiques g\u00e9riatriques.<\/p>\n<p>Toutes les actions mises en place contribuent \u00e0\u00a0<strong>maintenir un taux de d\u00e9clin fonctionnel aux soins aigus d\u2019environ 2% seulement.<\/strong><\/p>\n<p>En 2022, une coordination r\u00e9gionale a \u00e9t\u00e9 mise en place entre infirmiers et infirmi\u00e8res sp\u00e9cialis\u00e9\u00b7e\u00b7s en g\u00e9riatrie; elle sera renforc\u00e9e en 2023 par des s\u00e9ances r\u00e9gionales entre sp\u00e9cialistes en g\u00e9riatrie incluant les g\u00e9riatres.[\/vc_column_text][\/vc_column][vc_column width=&#8221;1\/3&#8243;][vc_empty_space height=&#8221;72px&#8221;][vc_column_text el_class=&#8221;text-couleur&#8221;]Culture g\u00e9riatrique bien ancr\u00e9e au RSBJ<\/p>\n<p><span style=\"font-size: 24pt\">80%<\/span> de d\u00e9tection en policlinique<\/p>\n<p><span style=\"font-size: 24pt\">2%<\/span> seulement de taux de d\u00e9clin fonctionnel aux soins aigus<\/p>\n<p>Offre de formations \u00e9largie[\/vc_column_text][\/vc_column][\/vc_row][vc_row][vc_column width=&#8221;2\/3&#8243;][vc_column_text]<\/p>\n<h3><span style=\"font-size: 18pt\">Soins palliatifs au PSVJ<\/span><\/h3>\n<p>D\u00e9velopp\u00e9e depuis plusieurs ann\u00e9es dans les diff\u00e9rents services du PSVJ, la culture palliative est bien ancr\u00e9e. D\u00e8s que possible, elle sera \u00e9tendue au CMS.<\/p>\n<p>Deux IRSP (infirmi\u00e8res r\u00e9f\u00e9rentes en Soins Palliatifs) soutiennent cette d\u00e9marche et poursuivent le d\u00e9ploiement des formations et ateliers flash aupr\u00e8s des professionnel\u00b7le\u00b7s de 1<sup>re<\/sup> ligne.<\/p>\n<p>La d\u00e9tection avec l\u2019outil ID-Pall et une premi\u00e8re \u00e9valuation du ou de la patient\u00b7e est r\u00e9alis\u00e9e de mani\u00e8re quasi- syst\u00e9matique dans le service de soins aigus.<\/p>\n<p>Un accompagnement des proches endeuill\u00e9\u00b7e\u00b7s est progressivement mis en place : envoi d\u2019une carte de condol\u00e9ances, accueil mensuel au PSVJ, &#8230;<\/p>\n<p>Des actions de communication aupr\u00e8s de la population sont pr\u00e9vues \u00e9galement au d\u00e9but 2023 : une conf\u00e9rence, un article dans le journal de la Vall\u00e9e.<\/p>\n<p>Pour les r\u00e9sident\u00b7e\u00b7s de l\u2019Alp\u2019Age, le d\u00e9veloppement de projets de soins de vie et de directives anticip\u00e9es (ProSA) est en pr\u00e9paration.[\/vc_column_text][\/vc_column][vc_column width=&#8221;1\/3&#8243;][vc_empty_space height=&#8221;72px&#8221;][vc_column_text el_class=&#8221;text-couleur&#8221;]Culture palliative bien ancr\u00e9e au PSVJ<\/p>\n<p><span style=\"font-size: 24pt\">82%<\/span> de d\u00e9tection aux soins aigus[\/vc_column_text][\/vc_column][\/vc_row][vc_row][vc_column width=&#8221;2\/3&#8243;][vc_column_text]<\/p>\n<h3><span style=\"font-size: 18pt\">R\u00e9adaptation orthop\u00e9dique\u00a0<\/span><\/h3>\n<p>Les processus cliniques finalis\u00e9s en 2021 ont \u00e9t\u00e9 test\u00e9s durant 2022. <strong>La culture RRAC<\/strong> (R\u00e9cup\u00e9ration Rapide Apr\u00e8s Chirurgie) est impl\u00e9ment\u00e9e dans l&#8217;unit\u00e9 d&#8217;orthop\u00e9die et de traumatologie de l&#8217;h\u00f4pital d&#8217;Yverdon-les-Bains avec pour r\u00e9sultats\u00a0:<\/p>\n<ul>\n<li>Des patient\u00b7e\u00b7s RRAC identifi\u00e9\u00b7e\u00b7s<\/li>\n<li>Une documentation des interventions de soins cibl\u00e9es et en accord avec la RRAC<\/li>\n<li>Une \u00e9quipe soignante pluridisciplinaire comp\u00e9tente, collaborante et pro active<\/li>\n<li>Le ou la patient\u00b7e est partenaire de sa prise en charge<\/li>\n<li>Les s\u00e9ances de physioth\u00e9rapie et d&#8217;ergoth\u00e9rapie pr\u00e9op\u00e9ratoires syst\u00e9matiquement propos\u00e9es<\/li>\n<li>Des formations flash de g\u00e9riatrie dispens\u00e9es aupr\u00e8s de l\u2019\u00e9quipe soignante<\/li>\n<\/ul>\n<p>Des tableaux blancs ont \u00e9t\u00e9 install\u00e9s dans chaque chambre et pour chaque patient\u00b7e de l&#8217;unit\u00e9. Cette d\u00e9marche permettra de pouvoir fixer des objectifs personnalis\u00e9s et journaliers pour chaque patient\u00b7e op\u00e9r\u00e9\u00b7e d&#8217;une PTH ou PTG; elle sera test\u00e9e en 2023.<\/p>\n<ul>\n<li><strong>Les dur\u00e9es moyennes de s\u00e9jours sont en baisse en 2022 par rapport \u00e0 l&#8217;ann\u00e9e 2021 pour les PTH et les PTG.<\/strong><\/li>\n<li><strong>80% des patient\u00b7e\u00b7s op\u00e9r\u00e9\u00b7e\u00b7s d&#8217;une PTG et 82% des patient\u00b7e\u00b7s op\u00e9r\u00e9\u00b7e\u00b7s d&#8217;une PTH sont rentr\u00e9\u00b7e\u00b7s \u00e0 domicile apr\u00e8s leur hospitalisation, <\/strong>sans passer par un s\u00e9jour en r\u00e9adaptation.<\/li>\n<li>Une enqu\u00eate de satisfaction a \u00e9t\u00e9 men\u00e9e concernant les s\u00e9ances d&#8217;ergoth\u00e9rapie et physioth\u00e9rapie propos\u00e9es, la qualit\u00e9 des brochures informatives sur les PTH et PTG ainsi que la prise en charge soignante et m\u00e9dicale.<strong> La grande majorit\u00e9 des patient\u00b7e\u00b7s disent \u00eatre tr\u00e8s satisfait\u00b7e\u00b7s sur l&#8217;ensemble des points.<\/strong><\/li>\n<\/ul>\n<p>[\/vc_column_text][\/vc_column][vc_column width=&#8221;1\/3&#8243;][vc_empty_space height=&#8221;72px&#8221;][vc_column_text el_class=&#8221;text-couleur&#8221;]<span style=\"font-size: 24pt\">80%<\/span> de retours \u00e0 domicile sans besoin de s\u00e9jour en r\u00e9adaptation<\/p>\n<p>Objectifs personnalis\u00e9s<\/p>\n<p>Satisfaction des patient\u00b7e\u00b7s[\/vc_column_text][\/vc_column][\/vc_row][vc_row][vc_column width=&#8221;1\/2&#8243;][vc_btn title=&#8221;Retour&#8221; style=&#8221;flat&#8221; shape=&#8221;square&#8221; color=&#8221;btn-rsnb1&#8243; align=&#8221;left&#8221; i_icon_fontawesome=&#8221;fas fa-angle-left&#8221; add_icon=&#8221;true&#8221; link=&#8221;url:https%3A%2F%2Frsnb.rapportactivite.ch%2F2022%2F%23projets|title:Retour%20%C3%A0%20l&#8217;accueil&#8221; css=&#8221;.vc_custom_1685264650640{margin-top: 15px !important;}&#8221;][\/vc_column][vc_column width=&#8221;1\/2&#8243;][\/vc_column][\/vc_row]<\/p>\n<\/div>","protected":false},"excerpt":{"rendered":"<p>[vc_row][vc_column width=&#8221;2\/3&#8243;][vc_custom_heading text=&#8221;Cl\u00f4ture des projets &#8211; Pr\u00e9paration \u00e0 la p\u00e9rennisation des prestations&#8221; font_container=&#8221;tag:h3|text_align:left&#8221; use_theme_fonts=&#8221;yes&#8221; el_class=&#8221;page-title&#8221;][\/vc_column][\/vc_row][vc_row][vc_column width=&#8221;2\/3&#8243;][vc_column_text]Les ann\u00e9es 2022 et 2023 marquent une p\u00e9riode de transition avec la fin de certaines r\u00e9alisations et la perspective d&#8217;une reprise par les institutions des projets &#8220;incub\u00e9s&#8221; dans le cadre du PRS. Cette p\u00e9riode de transition signifiera \u00e9galement la possibilit\u00e9 [&#8230;]<\/p>\n<p><a class=\"btn btn-secondary understrap-read-more-link\" href=\"https:\/\/rsnb.rapportactivite.ch\/2022\/le-pole-regional-sante\/\">Lire la suite\u2026<span class=\"screen-reader-text\"> from Le P\u00f4le R\u00e9gional Sant\u00e9<\/span><\/a><\/p>\n","protected":false},"author":3,"featured_media":5155,"comment_status":"closed","ping_status":"closed","sticky":false,"template":"","format":"standard","meta":{"_acf_changed":false,"wds_primary_category":0,"footnotes":""},"categories":[5],"tags":[],"acf":[],"_links":{"self":[{"href":"https:\/\/rsnb.rapportactivite.ch\/2022\/wp-json\/wp\/v2\/posts\/620"}],"collection":[{"href":"https:\/\/rsnb.rapportactivite.ch\/2022\/wp-json\/wp\/v2\/posts"}],"about":[{"href":"https:\/\/rsnb.rapportactivite.ch\/2022\/wp-json\/wp\/v2\/types\/post"}],"author":[{"embeddable":true,"href":"https:\/\/rsnb.rapportactivite.ch\/2022\/wp-json\/wp\/v2\/users\/3"}],"replies":[{"embeddable":true,"href":"https:\/\/rsnb.rapportactivite.ch\/2022\/wp-json\/wp\/v2\/comments?post=620"}],"version-history":[{"count":392,"href":"https:\/\/rsnb.rapportactivite.ch\/2022\/wp-json\/wp\/v2\/posts\/620\/revisions"}],"predecessor-version":[{"id":5780,"href":"https:\/\/rsnb.rapportactivite.ch\/2022\/wp-json\/wp\/v2\/posts\/620\/revisions\/5780"}],"wp:featuredmedia":[{"embeddable":true,"href":"https:\/\/rsnb.rapportactivite.ch\/2022\/wp-json\/wp\/v2\/media\/5155"}],"wp:attachment":[{"href":"https:\/\/rsnb.rapportactivite.ch\/2022\/wp-json\/wp\/v2\/media?parent=620"}],"wp:term":[{"taxonomy":"category","embeddable":true,"href":"https:\/\/rsnb.rapportactivite.ch\/2022\/wp-json\/wp\/v2\/categories?post=620"},{"taxonomy":"post_tag","embeddable":true,"href":"https:\/\/rsnb.rapportactivite.ch\/2022\/wp-json\/wp\/v2\/tags?post=620"}],"curies":[{"name":"wp","href":"https:\/\/api.w.org\/{rel}","templated":true}]}}