{"id":557,"date":"2019-05-18T15:15:09","date_gmt":"2019-05-18T13:15:09","guid":{"rendered":"https:\/\/rsnb.rapportactivite.ch\/2022\/?p=557"},"modified":"2023-05-24T15:36:49","modified_gmt":"2023-05-24T13:36:49","slug":"nord-broye","status":"publish","type":"post","link":"https:\/\/rsnb.rapportactivite.ch\/2022\/nord-broye\/","title":{"rendered":"Dossier \u00e9lectronique du patient et VaudID"},"content":{"rendered":"<div class=\"wpb-content-wrapper\"><p>[vc_row source=&#8221;&#8221; text=&#8221;Edito&#8221; font_container=&#8221;tag:h2|text_align:left&#8221; use_theme_fonts=&#8221;yes&#8221; google_fonts=&#8221;font_family:Abril%20Fatface%3Aregular|font_style:400%20regular%3A400%3Anormal&#8221; link=&#8221;&#8221;][vc_column][vc_custom_heading text=&#8221;Une premi\u00e8re ann\u00e9e d\u2019exploitation pleine de nouveaut\u00e9s !&#8221; font_container=&#8221;tag:h3|text_align:left&#8221; use_theme_fonts=&#8221;yes&#8221; el_class=&#8221;page-title t&#8221;][\/vc_column][\/vc_row][vc_row source=&#8221;&#8221; text=&#8221;Edito&#8221; font_container=&#8221;tag:h2|text_align:left&#8221; use_theme_fonts=&#8221;yes&#8221; google_fonts=&#8221;font_family:Abril%20Fatface%3Aregular|font_style:400%20regular%3A400%3Anormal&#8221; link=&#8221;&#8221;][vc_column][vc_single_image image=&#8221;5001&#8243; img_size=&#8221;medium&#8221; alignment=&#8221;center&#8221;][vc_custom_heading text=&#8221;Coordination des R\u00e9seaux Sant\u00e9 Vaud&#8221; font_container=&#8221;tag:h4|text_align:left&#8221; use_theme_fonts=&#8221;yes&#8221; el_class=&#8221;page-title t-small&#8221;][\/vc_column][\/vc_row][vc_row source=&#8221;&#8221; text=&#8221;Edito&#8221; font_container=&#8221;tag:h2|text_align:left&#8221; use_theme_fonts=&#8221;yes&#8221; google_fonts=&#8221;font_family:Abril%20Fatface%3Aregular|font_style:400%20regular%3A400%3Anormal&#8221; link=&#8221;&#8221;][vc_column width=&#8221;2\/3&#8243;][vc_column_text]Pour faciliter le partage d\u2019exp\u00e9rience, les 4 R\u00e9seaux de soins du canton ont mis en place une plateforme d\u2019\u00e9change et de coordination pour d\u00e9ployer de mani\u00e8re identique le DEP dans le canton. Cette plateforme se compose principalement des 4 chef\u00b7fe\u00b7s de projets charg\u00e9\u00b7e\u00b7s du d\u00e9ploiement et d\u2019un repr\u00e9sentant de la DGS.<\/p>\n<p>La plateforme s\u2019est r\u00e9unie une dizaine de fois en 2022. L&#8217;accr\u00e9ditation des R\u00e9seaux a \u00e9t\u00e9 un point important. Cette accr\u00e9ditation permet l&#8217;identification \u00e9lectronique des personnes et l&#8217;aide \u00e0 la cr\u00e9ation de leur DEP. Un service complet peut ainsi \u00eatre offert \u00e0 la population.[\/vc_column_text][\/vc_column][vc_column width=&#8221;1\/3&#8243;][vc_column_text el_class=&#8221;text-couleur&#8221;]<span style=\"font-size: 14pt;\"><strong>VaudID-sant\u00e9<\/strong><\/span><\/p>\n<p>L&#8217;identification est :<\/p>\n<ul>\n<li>gratuite<\/li>\n<li>financ\u00e9e par le canton<\/li>\n<li>une solution souveraine de l\u2019Etat (pas de soci\u00e9t\u00e9 priv\u00e9e)<\/li>\n<\/ul>\n<p><span style=\"font-size: 14pt;\"><strong>DEP &#8211; CARA<\/strong><\/span><\/p>\n<ul>\n<li>L&#8217;acc\u00e8s au DEP est gratuit<\/li>\n<li>Les transferts s\u00e9curis\u00e9s entre professionnel\u00b7le\u00b7s sont en d\u00e9ploiement<\/li>\n<li>CARA d\u00e9veloppe le plan de soins partag\u00e9 et le plan de m\u00e9dication partag\u00e9<\/li>\n<\/ul>\n<p>[\/vc_column_text][\/vc_column][\/vc_row][vc_row source=&#8221;&#8221; text=&#8221;Edito&#8221; font_container=&#8221;tag:h2|text_align:left&#8221; use_theme_fonts=&#8221;yes&#8221; google_fonts=&#8221;font_family:Abril%20Fatface%3Aregular|font_style:400%20regular%3A400%3Anormal&#8221; link=&#8221;&#8221;][vc_column][vc_custom_heading text=&#8221;Quelques chiffres&#8221; font_container=&#8221;tag:h4|text_align:left&#8221; use_theme_fonts=&#8221;yes&#8221; el_class=&#8221;page-title t-small&#8221;][vc_column_text]Au niveau r\u00e9gional, <strong>280 personnes<\/strong> (priv\u00e9es et professionnelles) ont \u00e9t\u00e9 identifi\u00e9es en 2022 par le RSNB. Au total, les 4 R\u00e9seaux ont identifi\u00e9 1&#8217;934 personnes.[\/vc_column_text][vc_row_inner][vc_column_inner width=&#8221;1\/2&#8243;]<div class=\"rrj-chart rrj-bar-chart\">\n\t<div class=\"\">\n\n\t\t\n\t\t<h6 class=\"chart-title\" style=\"text-align:center\">Identifications par r\u00e9gion en 2021<\/h6>\n\n\t\t\n\t\t\n\t\t\n\t\t\n\t\t<canvas id=\"94MRutdx\" style=\"width:16px;height:9px;\"><\/canvas>\n\n\t\t\n\t\t<div class=\"rrj-preload-wrap\" style=\"position:relative;text-align:center;padding-bottom:56.25%;width:100%;height:0;\"><div class=\"rrj-preloader-inner\" style=\"padding-top:calc( 28.125% - 52px\"><img decoding=\"async\" alt=\"\" src=\"https:\/\/rsnb.rapportactivite.ch\/2022\/wp-content\/plugins\/rrj-advanced-charts\/assets\/images\/loading.gif\" \/><\/div><\/div>\n\t\t\n\t<\/div>\n<\/div>\n[\/vc_column_inner][vc_column_inner width=&#8221;1\/2&#8243;]<div class=\"rrj-chart rrj-bar-chart\">\n\t<div class=\"\">\n\n\t\t\n\t\t<h6 class=\"chart-title\" style=\"text-align:center\">Identifications par r\u00e9gion en 2022<\/h6>\n\n\t\t\n\t\t\n\t\t\n\t\t\n\t\t<canvas id=\"NlgjBecO\" style=\"width:16px;height:9px;\"><\/canvas>\n\n\t\t\n\t\t<div class=\"rrj-preload-wrap\" style=\"position:relative;text-align:center;padding-bottom:56.25%;width:100%;height:0;\"><div class=\"rrj-preloader-inner\" style=\"padding-top:calc( 28.125% - 52px\"><img decoding=\"async\" alt=\"\" src=\"https:\/\/rsnb.rapportactivite.ch\/2022\/wp-content\/plugins\/rrj-advanced-charts\/assets\/images\/loading.gif\" \/><\/div><\/div>\n\t\t\n\t<\/div>\n<\/div>\n[\/vc_column_inner][\/vc_row_inner][vc_empty_space][\/vc_column][\/vc_row][vc_row][vc_column width=&#8221;2\/3&#8243;][vc_custom_heading text=&#8221;Pour la suite&#8230;&#8221; font_container=&#8221;tag:h4|text_align:left&#8221; use_theme_fonts=&#8221;yes&#8221; el_class=&#8221;page-title t-small&#8221;][vc_column_text]Perspectives pour 2023 :<\/p>\n<ul>\n<li>Ouvrir un BOX d\u2019identification dans les locaux de l\u2019H\u00f4pital Intercantonal de la Broye (HIB) en collaboration avec les cantons de Vaud et de Fribourg. L\u2019objectif sera de proposer le DEP \u00e0 la population des deux cantons.<\/li>\n<li>Mettre l&#8217;accent sur la promotion du DEP via les associations de patient\u00b7e\u00b7s et la participation \u00e0 des manifestations r\u00e9gionales (comptoirs, march\u00e9s, etc.).<\/li>\n<\/ul>\n<p><strong>D\u00e9p\u00f4t automatique de documents dans le DEP\u00a0 :<\/strong><br \/>\nFin 2022, le CHUV a \u00e9t\u00e9 le premier h\u00f4pital qui a mis automatiquement des documents dans le DEP de leurs patient\u00b7e\u00b7s. Courant 2023, les h\u00f4pitaux de la FHV auront \u00e9galement cette possibilit\u00e9 qui permettra de renseigner les DEP de leurs patient\u00b7e\u00b7s; cela favorisera l&#8217;adh\u00e9sion des soignant\u00b7e\u00b7s et de la population.[\/vc_column_text][vc_btn title=&#8221;Retour&#8221; style=&#8221;flat&#8221; shape=&#8221;square&#8221; color=&#8221;btn-rsnb1&#8243; align=&#8221;left&#8221; i_icon_fontawesome=&#8221;fas fa-angle-left&#8221; add_icon=&#8221;true&#8221; link=&#8221;url:https%3A%2F%2Frsnb.rapportactivite.ch%2F2022%2F%23reperes|title:Retour%20%C3%A0%20l&#8217;accueil&#8221; css=&#8221;.vc_custom_1684935406763{margin-top: 15px !important;}&#8221;][\/vc_column][vc_column width=&#8221;1\/3&#8243;][\/vc_column][\/vc_row]<\/p>\n<\/div>","protected":false},"excerpt":{"rendered":"<p>[vc_row source=&#8221;&#8221; text=&#8221;Edito&#8221; font_container=&#8221;tag:h2|text_align:left&#8221; use_theme_fonts=&#8221;yes&#8221; google_fonts=&#8221;font_family:Abril%20Fatface%3Aregular|font_style:400%20regular%3A400%3Anormal&#8221; link=&#8221;&#8221;][vc_column][vc_custom_heading text=&#8221;Une premi\u00e8re ann\u00e9e d\u2019exploitation pleine de nouveaut\u00e9s !&#8221; font_container=&#8221;tag:h3|text_align:left&#8221; use_theme_fonts=&#8221;yes&#8221; el_class=&#8221;page-title t&#8221;][\/vc_column][\/vc_row][vc_row source=&#8221;&#8221; text=&#8221;Edito&#8221; font_container=&#8221;tag:h2|text_align:left&#8221; use_theme_fonts=&#8221;yes&#8221; google_fonts=&#8221;font_family:Abril%20Fatface%3Aregular|font_style:400%20regular%3A400%3Anormal&#8221; link=&#8221;&#8221;][vc_column][vc_single_image image=&#8221;5001&#8243; img_size=&#8221;medium&#8221; alignment=&#8221;center&#8221;][vc_custom_heading text=&#8221;Coordination des R\u00e9seaux Sant\u00e9 Vaud&#8221; font_container=&#8221;tag:h4|text_align:left&#8221; use_theme_fonts=&#8221;yes&#8221; el_class=&#8221;page-title t-small&#8221;][\/vc_column][\/vc_row][vc_row source=&#8221;&#8221; text=&#8221;Edito&#8221; font_container=&#8221;tag:h2|text_align:left&#8221; use_theme_fonts=&#8221;yes&#8221; google_fonts=&#8221;font_family:Abril%20Fatface%3Aregular|font_style:400%20regular%3A400%3Anormal&#8221; link=&#8221;&#8221;][vc_column width=&#8221;2\/3&#8243;][vc_column_text]Pour faciliter le partage d\u2019exp\u00e9rience, les 4 R\u00e9seaux de soins du canton [&#8230;]<\/p>\n<p><a class=\"btn btn-secondary understrap-read-more-link\" href=\"https:\/\/rsnb.rapportactivite.ch\/2022\/nord-broye\/\">Lire la suite\u2026<span class=\"screen-reader-text\"> from Dossier \u00e9lectronique du patient et VaudID<\/span><\/a><\/p>\n","protected":false},"author":3,"featured_media":5164,"comment_status":"closed","ping_status":"closed","sticky":false,"template":"","format":"standard","meta":{"_acf_changed":false,"wds_primary_category":0,"footnotes":""},"categories":[4],"tags":[],"acf":[],"_links":{"self":[{"href":"https:\/\/rsnb.rapportactivite.ch\/2022\/wp-json\/wp\/v2\/posts\/557"}],"collection":[{"href":"https:\/\/rsnb.rapportactivite.ch\/2022\/wp-json\/wp\/v2\/posts"}],"about":[{"href":"https:\/\/rsnb.rapportactivite.ch\/2022\/wp-json\/wp\/v2\/types\/post"}],"author":[{"embeddable":true,"href":"https:\/\/rsnb.rapportactivite.ch\/2022\/wp-json\/wp\/v2\/users\/3"}],"replies":[{"embeddable":true,"href":"https:\/\/rsnb.rapportactivite.ch\/2022\/wp-json\/wp\/v2\/comments?post=557"}],"version-history":[{"count":213,"href":"https:\/\/rsnb.rapportactivite.ch\/2022\/wp-json\/wp\/v2\/posts\/557\/revisions"}],"predecessor-version":[{"id":2536,"href":"https:\/\/rsnb.rapportactivite.ch\/2022\/wp-json\/wp\/v2\/posts\/557\/revisions\/2536"}],"wp:featuredmedia":[{"embeddable":true,"href":"https:\/\/rsnb.rapportactivite.ch\/2022\/wp-json\/wp\/v2\/media\/5164"}],"wp:attachment":[{"href":"https:\/\/rsnb.rapportactivite.ch\/2022\/wp-json\/wp\/v2\/media?parent=557"}],"wp:term":[{"taxonomy":"category","embeddable":true,"href":"https:\/\/rsnb.rapportactivite.ch\/2022\/wp-json\/wp\/v2\/categories?post=557"},{"taxonomy":"post_tag","embeddable":true,"href":"https:\/\/rsnb.rapportactivite.ch\/2022\/wp-json\/wp\/v2\/tags?post=557"}],"curies":[{"name":"wp","href":"https:\/\/api.w.org\/{rel}","templated":true}]}}