{"id":316,"date":"2019-05-10T09:22:15","date_gmt":"2019-05-10T07:22:15","guid":{"rendered":"https:\/\/rsnb.rapportactivite.ch\/2022\/?p=316"},"modified":"2023-05-30T08:45:34","modified_gmt":"2023-05-30T06:45:34","slug":"gcc","status":"publish","type":"post","link":"https:\/\/rsnb.rapportactivite.ch\/2022\/gcc\/","title":{"rendered":"Gestion de Cas de Coordination"},"content":{"rendered":"<div class=\"wpb-content-wrapper\"><p>[vc_row][vc_column width=&#8221;2\/3&#8243;][vc_custom_heading text=&#8221;Le dispositif poursuit sa croissance et d\u00e9veloppe des synergies cantonales&#8221; font_container=&#8221;tag:h3|text_align:left&#8221; use_theme_fonts=&#8221;yes&#8221; el_class=&#8221;page-title&#8221;][vc_column_text]<span style=\"font-family: 'Open Sans';font-size: 12pt\">Les deux collaboratrices qui assurent le suivi dans les deux r\u00e9gions (Nord et Broye) sont maintenant r\u00e9guli\u00e8rement sollicit\u00e9es et d\u00e9veloppent des collaborations avec leurs homologues de l\u2019Est (R\u00e9seau Sant\u00e9 Haut L\u00e9man).<\/span><\/p>\n<p><span style=\"font-family: 'Open Sans';font-size: 12pt\">Des \u00e9changes r\u00e9guliers permettent aux deux \u00e9quipes RSHL et RSNB de partager autour de leurs pratiques et des situations rencontr\u00e9es.\u00a0 Sous l\u2019\u00e9gide de la \u00a0DGS : la d\u00e9finition des missions, les documents de travail, les crit\u00e8res d\u2019intervention et m\u00eame la d\u00e9nomination de la fonction sont des sujets rediscut\u00e9s afin de pouvoir homog\u00e9n\u00e9iser les pratiques des 2 r\u00e9gions en 2023, en associant \u00e0 cette \u00e9volution les deux autres r\u00e9seaux vaudois (r\u00e9gion Lausanne et Ouest).<\/span>[\/vc_column_text][\/vc_column][vc_column width=&#8221;1\/3&#8243;][\/vc_column][\/vc_row][vc_row][vc_column][vc_custom_heading text=&#8221;Sur le terrain&#8221; font_container=&#8221;tag:h3|text_align:left&#8221; use_theme_fonts=&#8221;yes&#8221; el_class=&#8221;page-title t-small&#8221;][\/vc_column][\/vc_row][vc_row][vc_column width=&#8221;2\/3&#8243;][vc_column_text]<span style=\"font-size: 12pt;font-family: 'Open Sans'\">La perte de sens et d\u2019objectifs dans les prises en charge, la rupture entre la personne et le R\u00e9seau de soins, les divergences d\u2019appr\u00e9ciation, en particulier dans les situations avec de nombreux intervenant\u00b7e\u00b7s, sont les crit\u00e8res d\u2019appels les plus fr\u00e9quents.<\/span><\/p>\n<p><span style=\"font-size: 12pt;font-family: 'Open Sans'\">L\u2019infirmi\u00e8re en GCC vient souvent renforcer l\u2019assise du ou de la professionnel\u00b7le\u00a0r\u00e9f\u00e9rent\u00b7e de la situation (g\u00e9n\u00e9ralement infirmier ou infirmi\u00e8re). Elle facilite l\u2019int\u00e9gration de nouveaux intervenant\u00b7e\u00b7s quand cela est n\u00e9cessaire. Le lien de confiance avec la personne concern\u00e9e, ses proches et les intervenant\u00b7e\u00b7s de 1<sup>re<\/sup>\u00a0ligne, tout comme la communication, constituent la base de toute collaboration.<\/span><\/p>\n<p><span style=\"font-family: 'Open Sans';font-size: 12pt\">Le temps d\u00e9di\u00e9 \u00e0 la coordination est majoritaire, les supports informatiques et t\u00e9l\u00e9phoniques sont les outils principaux de la GCC. L\u2019organisation de r\u00e9seaux, les rencontres \u00e0 domicile et l\u2019accompagnement des personnes dans diff\u00e9rents lieux (m\u00e9decins sp\u00e9cialistes, h\u00f4pitaux de jour, CAT, etc.) sont aussi des temps importants dans le planning journalier.<\/span><\/p>\n<p><span style=\"font-family: 'Open Sans';font-size: 12pt\">La GCC doit parfois se glisser dans les failles o\u00f9 personne ne va, les vides organisationnels et\/ou structurels. Elle peut \u00eatre amen\u00e9e ponctuellement \u00e0 assurer une mission habituellement d\u00e9di\u00e9e au personnel de 1<sup>re<\/sup>\u00a0ou 2<sup>e<\/sup>\u00a0ligne, comme par exemple remplir une demande d\u2019allocation pour impotent.<\/span>[\/vc_column_text][\/vc_column][vc_column width=&#8221;1\/3&#8243;][vc_column_text el_class=&#8221;text-couleur&#8221;]<span style=\"font-family: 'Open Sans';font-size: 12pt\">La population que suivent les infirmi\u00e8res en GCC maintient le cap de l\u2019\u00e2ge observ\u00e9 en 2021 et est en moyenne de 70 ans pour le Nord et 61 ans pour la Broye.<\/span>[\/vc_column_text][\/vc_column][\/vc_row][vc_row][vc_column][vc_custom_heading text=&#8221;Quelques chiffres dans le Nord vaudois&#8221; font_container=&#8221;tag:h3|text_align:left&#8221; use_theme_fonts=&#8221;yes&#8221; el_class=&#8221;page-title t-small&#8221;][\/vc_column][vc_column width=&#8221;2\/3&#8243;]<div class=\"rrj-chart rrj-pie-chart\">\n\t<div class=\"\">\n\n\t\t\n\t\t<h4 class=\"chart-title\" style=\"text-align:left\">D&#039;o\u00f9 viennent les demandes ?<\/h4>\n\n\t\t\t\t\t\t\t\t\n\t\t\n\t\t<canvas id=\"FlPQMmfF\" style=\"width:21px;height:9px;\"><\/canvas>\n\n\t\t\n\t\t<div class=\"rrj-preload-wrap\" style=\"position:relative;text-align:center;padding-bottom:42.857142857143%;width:100%;height:0;\"><div class=\"rrj-preloader-inner\" style=\"padding-top:calc( 21.428571428571% - 52px\"><img decoding=\"async\" alt=\"\" src=\"https:\/\/rsnb.rapportactivite.ch\/2022\/wp-content\/plugins\/rrj-advanced-charts\/assets\/images\/loading.gif\" \/><\/div><\/div>\n\t\t\r\n\t<\/div>\n<\/div>\n[\/vc_column][vc_column width=&#8221;1\/3&#8243;][vc_empty_space][vc_column_text el_class=&#8221;text-couleur&#8221;]<span style=\"font-family: 'Open Sans';font-size: 12pt\">Nombre total de suivis : 30<\/span><\/p>\n<p><span style=\"font-family: 'Open Sans';font-size: 12pt\">Dur\u00e9e moyenne des suivis : environ 6 mois<\/span><\/p>\n<p><span style=\"font-family: 'Open Sans';font-size: 12pt\">Pour un taux d&#8217;activit\u00e9 de la gestionnaire de cas de 80%<\/span>[\/vc_column_text][\/vc_column][\/vc_row][vc_row][vc_column][vc_row_inner][vc_column_inner][vc_empty_space][\/vc_column_inner][\/vc_row_inner][\/vc_column][\/vc_row][vc_row][vc_column][vc_custom_heading text=&#8221;La GCC dans la Broye vaudoise&#8221; font_container=&#8221;tag:h3|text_align:left&#8221; use_theme_fonts=&#8221;yes&#8221; el_class=&#8221;page-title t-small&#8221;][\/vc_column][\/vc_row][vc_row title=&#8221;Retour&#8221; style=&#8221;flat&#8221; gradient_color_1=&#8221;turquoise&#8221; gradient_color_2=&#8221;vista-blue&#8221; gradient_custom_color_1=&#8221;#dd3333&#8243; gradient_custom_color_2=&#8221;#eeee22&#8243; gradient_text_color=&#8221;#ffffff&#8221; custom_background=&#8221;#ededed&#8221; custom_text=&#8221;#666666&#8243; outline_custom_color=&#8221;#666666&#8243; outline_custom_hover_background=&#8221;#666666&#8243; outline_custom_hover_text=&#8221;#ffffff&#8221; shape=&#8221;square&#8221; color=&#8221;btn-rsnb1&#8243; size=&#8221;md&#8221; align=&#8221;right&#8221; button_block=&#8221;&#8221; add_icon=&#8221;true&#8221; i_align=&#8221;left&#8221; i_type=&#8221;fontawesome&#8221; i_icon_fontawesome=&#8221;fa fa-chevron-left&#8221; i_icon_openiconic=&#8221;vc-oi vc-oi-dial&#8221; i_icon_typicons=&#8221;typcn typcn-adjust-brightness&#8221; i_icon_entypo=&#8221;entypo-icon entypo-icon-note&#8221; i_icon_linecons=&#8221;vc_li vc_li-heart&#8221; i_icon_monosocial=&#8221;vc-mono vc-mono-fivehundredpx&#8221; i_icon_material=&#8221;vc-material vc-material-cake&#8221; i_icon_pixelicons=&#8221;vc_pixel_icon vc_pixel_icon-alert&#8221; custom_onclick=&#8221;&#8221; link=&#8221;url:https%3A%2F%2Frsnb.rapportactivite.ch%2F|title:Retour%20%C3%A0%20l&#8217;accueil||&#8221; css=&#8221;.vc_custom_1558016952978{margin-top: 15px !important;}&#8221; custom_onclick_code=&#8221;&#8221;][vc_column width=&#8221;2\/3&#8243;]<div class=\"rrj-chart rrj-pie-chart\">\n\t<div class=\"\">\n\n\t\t\n\t\t<h4 class=\"chart-title\" style=\"text-align:left\">D&#039;o\u00f9 viennent les demandes ?<\/h4>\n\n\t\t\t\t\t\t\t\t\n\t\t\n\t\t<canvas id=\"bAT0cuxd\" style=\"width:21px;height:9px;\"><\/canvas>\n\n\t\t\n\t\t<div class=\"rrj-preload-wrap\" style=\"position:relative;text-align:center;padding-bottom:42.857142857143%;width:100%;height:0;\"><div class=\"rrj-preloader-inner\" style=\"padding-top:calc( 21.428571428571% - 52px\"><img decoding=\"async\" alt=\"\" src=\"https:\/\/rsnb.rapportactivite.ch\/2022\/wp-content\/plugins\/rrj-advanced-charts\/assets\/images\/loading.gif\" \/><\/div><\/div>\n\t\t\r\n\t<\/div>\n<\/div>\n[\/vc_column][vc_column width=&#8221;1\/3&#8243;][vc_empty_space][vc_column_text el_class=&#8221;text-couleur&#8221;]<span style=\"font-family: 'Open Sans';font-size: 12pt\">Nombre de personnes suivies en augmentation : 27 (+4 de la Broye fribourgeoise).<\/span><\/p>\n<p><span style=\"font-family: 'Open Sans';font-size: 12pt\">Dur\u00e9e moyenne des suivis en 2022 : 4 mois (9 pour la Broye fribourgeoise)<\/span><\/p>\n<p><span style=\"font-family: 'Open Sans';font-size: 12pt\">Pour un taux d&#8217;activit\u00e9 de la gestionnaire de cas de 60%<\/span>[\/vc_column_text][\/vc_column][\/vc_row][vc_row title=&#8221;Retour&#8221; style=&#8221;flat&#8221; gradient_color_1=&#8221;turquoise&#8221; gradient_color_2=&#8221;vista-blue&#8221; gradient_custom_color_1=&#8221;#dd3333&#8243; gradient_custom_color_2=&#8221;#eeee22&#8243; gradient_text_color=&#8221;#ffffff&#8221; custom_background=&#8221;#ededed&#8221; custom_text=&#8221;#666666&#8243; outline_custom_color=&#8221;#666666&#8243; outline_custom_hover_background=&#8221;#666666&#8243; outline_custom_hover_text=&#8221;#ffffff&#8221; shape=&#8221;square&#8221; color=&#8221;btn-rsnb1&#8243; size=&#8221;md&#8221; align=&#8221;right&#8221; button_block=&#8221;&#8221; add_icon=&#8221;true&#8221; i_align=&#8221;left&#8221; i_type=&#8221;fontawesome&#8221; i_icon_fontawesome=&#8221;fa fa-chevron-left&#8221; i_icon_openiconic=&#8221;vc-oi vc-oi-dial&#8221; i_icon_typicons=&#8221;typcn typcn-adjust-brightness&#8221; i_icon_entypo=&#8221;entypo-icon entypo-icon-note&#8221; i_icon_linecons=&#8221;vc_li vc_li-heart&#8221; i_icon_monosocial=&#8221;vc-mono vc-mono-fivehundredpx&#8221; i_icon_material=&#8221;vc-material vc-material-cake&#8221; i_icon_pixelicons=&#8221;vc_pixel_icon vc_pixel_icon-alert&#8221; custom_onclick=&#8221;&#8221; link=&#8221;url:https%3A%2F%2Frsnb.rapportactivite.ch%2F|title:Retour%20%C3%A0%20l&#8217;accueil||&#8221; css=&#8221;.vc_custom_1558016952978{margin-top: 15px !important;}&#8221; custom_onclick_code=&#8221;&#8221;][vc_column width=&#8221;2\/3&#8243;][vc_column_text]<span style=\"font-family: 'Open Sans';font-size: 12pt\">La GCC poursuit son implantation dans la Broye. Certains m\u00e9decins traitants commencent \u00e0 solliciter directement cette prestation. Le profil des personnes pour lesquelles des suivis sont demand\u00e9s est souvent en lien avec la pr\u00e9carit\u00e9, l\u2019isolement social, ce qui entra\u00eene une difficult\u00e9 dans l\u2019acc\u00e8s aux soins dans une r\u00e9gion excentr\u00e9e. <\/span><\/p>\n<p><span style=\"font-family: 'Open Sans';font-size: 12pt\">Cette r\u00e9alit\u00e9 rappelle \u00e0 quel point sant\u00e9 et social sont indissociables et que les synergies doivent \u00eatre maintenues entre tous leurs acteurs.<\/span>[\/vc_column_text][\/vc_column][vc_column width=&#8221;1\/3&#8243;][\/vc_column][\/vc_row][vc_row][vc_column][vc_btn title=&#8221;Retour&#8221; style=&#8221;flat&#8221; shape=&#8221;square&#8221; color=&#8221;btn-rsnb1&#8243; align=&#8221;left&#8221; i_icon_fontawesome=&#8221;fas fa-angle-left&#8221; add_icon=&#8221;true&#8221; link=&#8221;url:https%3A%2F%2Frsnb.rapportactivite.ch%2F2022%2F%23prestations|title:Retour%20%C3%A0%20l&#8217;accueil&#8221; css=&#8221;.vc_custom_1684935483896{margin-top: 15px !important;}&#8221;][\/vc_column][\/vc_row]<\/p>\n<\/div>","protected":false},"excerpt":{"rendered":"<p>[vc_row][vc_column width=&#8221;2\/3&#8243;][vc_custom_heading text=&#8221;Le dispositif poursuit sa croissance et d\u00e9veloppe des synergies cantonales&#8221; font_container=&#8221;tag:h3|text_align:left&#8221; use_theme_fonts=&#8221;yes&#8221; el_class=&#8221;page-title&#8221;][vc_column_text]Les deux collaboratrices qui assurent le suivi dans les deux r\u00e9gions (Nord et Broye) sont maintenant r\u00e9guli\u00e8rement sollicit\u00e9es et d\u00e9veloppent des collaborations avec leurs homologues de l\u2019Est (R\u00e9seau Sant\u00e9 Haut L\u00e9man). Des \u00e9changes r\u00e9guliers permettent aux deux \u00e9quipes RSHL et RSNB [&#8230;]<\/p>\n<p><a class=\"btn btn-secondary understrap-read-more-link\" href=\"https:\/\/rsnb.rapportactivite.ch\/2022\/gcc\/\">Lire la suite\u2026<span class=\"screen-reader-text\"> from Gestion de Cas de Coordination<\/span><\/a><\/p>\n","protected":false},"author":2,"featured_media":5129,"comment_status":"closed","ping_status":"closed","sticky":false,"template":"","format":"standard","meta":{"_acf_changed":false,"wds_primary_category":0,"footnotes":""},"categories":[6],"tags":[],"acf":[],"_links":{"self":[{"href":"https:\/\/rsnb.rapportactivite.ch\/2022\/wp-json\/wp\/v2\/posts\/316"}],"collection":[{"href":"https:\/\/rsnb.rapportactivite.ch\/2022\/wp-json\/wp\/v2\/posts"}],"about":[{"href":"https:\/\/rsnb.rapportactivite.ch\/2022\/wp-json\/wp\/v2\/types\/post"}],"author":[{"embeddable":true,"href":"https:\/\/rsnb.rapportactivite.ch\/2022\/wp-json\/wp\/v2\/users\/2"}],"replies":[{"embeddable":true,"href":"https:\/\/rsnb.rapportactivite.ch\/2022\/wp-json\/wp\/v2\/comments?post=316"}],"version-history":[{"count":148,"href":"https:\/\/rsnb.rapportactivite.ch\/2022\/wp-json\/wp\/v2\/posts\/316\/revisions"}],"predecessor-version":[{"id":5735,"href":"https:\/\/rsnb.rapportactivite.ch\/2022\/wp-json\/wp\/v2\/posts\/316\/revisions\/5735"}],"wp:featuredmedia":[{"embeddable":true,"href":"https:\/\/rsnb.rapportactivite.ch\/2022\/wp-json\/wp\/v2\/media\/5129"}],"wp:attachment":[{"href":"https:\/\/rsnb.rapportactivite.ch\/2022\/wp-json\/wp\/v2\/media?parent=316"}],"wp:term":[{"taxonomy":"category","embeddable":true,"href":"https:\/\/rsnb.rapportactivite.ch\/2022\/wp-json\/wp\/v2\/categories?post=316"},{"taxonomy":"post_tag","embeddable":true,"href":"https:\/\/rsnb.rapportactivite.ch\/2022\/wp-json\/wp\/v2\/tags?post=316"}],"curies":[{"name":"wp","href":"https:\/\/api.w.org\/{rel}","templated":true}]}}