{"id":312,"date":"2019-05-10T09:21:05","date_gmt":"2019-05-10T07:21:05","guid":{"rendered":"https:\/\/rsnb.rapportactivite.ch\/2022\/?p=312"},"modified":"2023-05-30T08:49:47","modified_gmt":"2023-05-30T06:49:47","slug":"plateforme-sante-mentale-et-addiction-adulte","status":"publish","type":"post","link":"https:\/\/rsnb.rapportactivite.ch\/2022\/plateforme-sante-mentale-et-addiction-adulte\/","title":{"rendered":"Plateforme Sant\u00e9 Mentale et Addiction"},"content":{"rendered":"<div class=\"wpb-content-wrapper\"><p>[vc_row][vc_column][vc_custom_heading text=&#8221;&#8221; font_container=&#8221;tag:h3|text_align:left&#8221; use_theme_fonts=&#8221;yes&#8221; el_class=&#8221;page-title&#8221;][\/vc_column][\/vc_row][vc_row][vc_column width=&#8221;2\/3&#8243;][vc_column_text]Trois plateformes ont eu lieu en pr\u00e9sentiel durant l\u2019ann\u00e9e 2022, dont deux sur le site du CPNVD et une \u00e0 la Fondation Morija \u00e0 Yverdon.<\/p>\n<p>Les institutions ont \u0153uvr\u00e9 afin de reprendre un rythme de vie et de travail post pand\u00e9mie. Certaines d\u2019entre elles ont retrouv\u00e9 leurs locaux apr\u00e8s un d\u00e9m\u00e9nagement temporaire durant plusieurs <strong>saisons<\/strong> d\u00e9di\u00e9es \u00e0 des travaux de r\u00e9novation. L\u2019adaptation de ces lieux de vie est d\u00e9terminante pour leurs habitant\u00b7e\u00b7s et pour les collaborateurs et collaboratrices mais \u00e9galement pour l\u2019\u00e9volution des missions dans lesquelles elles s\u2019inscrivent.<\/p>\n<p>Comme convenu, l\u2019\u00e9tat des lieux r\u00e9alis\u00e9 en 2021 a \u00e9t\u00e9 publi\u00e9 et partag\u00e9 avec le r\u00e9seau en d\u00e9but d\u2019ann\u00e9e et a permis d\u2019initier des perspectives pour la suite des activit\u00e9s de cette plateforme. \u00c0 l\u2019automne, des graines ont \u00e9t\u00e9 sem\u00e9es afin que des projets puissent <strong>\u00e9clore<\/strong> et \u00eatre int\u00e9gr\u00e9s \u00e0 l\u2019agenda 2023. Un projet vise le renfort des prestations et des collaborations interinstitutionnelles li\u00e9es \u00e0 l\u2019addictologie et \u00e0 la pr\u00e9carit\u00e9 psycho-sociale dans la Broye. Un autre projet entrepris par la commune d\u2019Yverdon, \u00e0 la r\u00e9flexion duquel le RSNB participe activement, a pour objet le d\u00e9veloppement d\u2019un centre d\u2019accueil socio-sanitaire de jour \u00e0 Yverdon.<\/p>\n<p>Dans une <strong>culture<\/strong> de travail en r\u00e9seau mais \u00e9galement afin de renforcer la collaboration avec le milieu de la pr\u00e9carit\u00e9 psycho-sociale, le RSNB a notamment souhait\u00e9 maintenir, apr\u00e8s la pand\u00e9mie, son r\u00f4le de relai d\u2019informations quant au Plan Grand Froid durant l\u2019hiver.[\/vc_column_text][\/vc_column][vc_column width=&#8221;1\/3&#8243;][vc_column_text el_class=&#8221;text-couleur&#8221;]<\/p>\n<h6>Faits saillants 2022<\/h6>\n<ul>\n<li>3 Plateformes SMAd<\/li>\n<li>3 pr\u00e9sentations d\u2019institutions membres<\/li>\n<li>1 intervention du DCISA<\/li>\n<li>3 interventions externes<\/li>\n<li>2 projets en cours issus des recommandations de l\u2019\u00e9tat des lieux 2021<\/li>\n<\/ul>\n<p>[\/vc_column_text][\/vc_column][\/vc_row][vc_row][vc_column width=&#8221;2\/3&#8243;][vc_custom_heading text=&#8221;Pr\u00e9sentations r\u00e9alis\u00e9es&#8221; font_container=&#8221;tag:h3|text_align:left&#8221; use_theme_fonts=&#8221;yes&#8221; el_class=&#8221;page-title t-small&#8221;][vc_column_text]Afin de voir <strong>fleurir<\/strong> ce travail en r\u00e9seau et de promouvoir la connaissance des diff\u00e9rent\u00b7e\u00b7s participant\u00b7e\u00b7s de la Plateforme, trois institutions ont eu l\u2019occasion de r\u00e9aliser une pr\u00e9sentation de leurs activit\u00e9s et de leurs missions. La Gestion de Cas Complexe dans la Broye, Rel\u2019ier de la Fondation du Relais ainsi que Caritas Vaud.<\/p>\n<p>Des outils, projets et dispositifs li\u00e9s \u00e0 la psychiatrie et \u00e0 l\u2019addiction ont \u00e9galement \u00e9t\u00e9 pr\u00e9sent\u00e9s lors de ces plateformes. Le nouveau Plan Cantonal Addictologique a \u00e9t\u00e9 pr\u00e9sent\u00e9 par Nathalie Christinet (DCISA). Un rappel du dispositif de stages interinstitutionnels ainsi que ses modalit\u00e9s de r\u00e9alisation a \u00e9t\u00e9 propos\u00e9. Une pr\u00e9sentation des r\u00e9sultats, des perspectives et suites pr\u00e9vues pour le Plan Crise Conjoint dont plusieurs membres avaient particip\u00e9 au projet &#8220;ProPCC&#8221;, a \u00e9t\u00e9 anim\u00e9e par Pascale Ferrari et Caroline Sutter. Et finalement, en fin d\u2019ann\u00e9e, le plan de crise cantonal en cas de p\u00e9nurie d\u2019\u00e9lectricit\u00e9 &#8220;Inopia&#8221; et son impact sur les institutions a \u00e9t\u00e9 pr\u00e9sent\u00e9.[\/vc_column_text][\/vc_column][vc_column width=&#8221;1\/3&#8243;][\/vc_column][\/vc_row][vc_row][vc_column][vc_btn title=&#8221;Retour&#8221; style=&#8221;flat&#8221; shape=&#8221;square&#8221; color=&#8221;btn-rsnb1&#8243; align=&#8221;left&#8221; i_icon_fontawesome=&#8221;fas fa-angle-left&#8221; add_icon=&#8221;true&#8221; link=&#8221;url:https%3A%2F%2Frsnb.rapportactivite.ch%2F2022%2F%23prestations|title:Retour%20%C3%A0%20l&#8217;accueil&#8221; css=&#8221;.vc_custom_1685264234878{margin-top: 15px !important;}&#8221;][\/vc_column][\/vc_row]<\/p>\n<\/div>","protected":false},"excerpt":{"rendered":"<p>[vc_row][vc_column][vc_custom_heading text=&#8221;&#8221; font_container=&#8221;tag:h3|text_align:left&#8221; use_theme_fonts=&#8221;yes&#8221; el_class=&#8221;page-title&#8221;][\/vc_column][\/vc_row][vc_row][vc_column width=&#8221;2\/3&#8243;][vc_column_text]Trois plateformes ont eu lieu en pr\u00e9sentiel durant l\u2019ann\u00e9e 2022, dont deux sur le site du CPNVD et une \u00e0 la Fondation Morija \u00e0 Yverdon. Les institutions ont \u0153uvr\u00e9 afin de reprendre un rythme de vie et de travail post pand\u00e9mie. Certaines d\u2019entre elles ont retrouv\u00e9 leurs locaux apr\u00e8s un [&#8230;]<\/p>\n<p><a class=\"btn btn-secondary understrap-read-more-link\" href=\"https:\/\/rsnb.rapportactivite.ch\/2022\/plateforme-sante-mentale-et-addiction-adulte\/\">Lire la suite\u2026<span class=\"screen-reader-text\"> from Plateforme Sant\u00e9 Mentale et Addiction<\/span><\/a><\/p>\n","protected":false},"author":2,"featured_media":5104,"comment_status":"closed","ping_status":"closed","sticky":false,"template":"","format":"standard","meta":{"_acf_changed":false,"wds_primary_category":0,"footnotes":""},"categories":[6],"tags":[],"acf":[],"_links":{"self":[{"href":"https:\/\/rsnb.rapportactivite.ch\/2022\/wp-json\/wp\/v2\/posts\/312"}],"collection":[{"href":"https:\/\/rsnb.rapportactivite.ch\/2022\/wp-json\/wp\/v2\/posts"}],"about":[{"href":"https:\/\/rsnb.rapportactivite.ch\/2022\/wp-json\/wp\/v2\/types\/post"}],"author":[{"embeddable":true,"href":"https:\/\/rsnb.rapportactivite.ch\/2022\/wp-json\/wp\/v2\/users\/2"}],"replies":[{"embeddable":true,"href":"https:\/\/rsnb.rapportactivite.ch\/2022\/wp-json\/wp\/v2\/comments?post=312"}],"version-history":[{"count":116,"href":"https:\/\/rsnb.rapportactivite.ch\/2022\/wp-json\/wp\/v2\/posts\/312\/revisions"}],"predecessor-version":[{"id":5742,"href":"https:\/\/rsnb.rapportactivite.ch\/2022\/wp-json\/wp\/v2\/posts\/312\/revisions\/5742"}],"wp:featuredmedia":[{"embeddable":true,"href":"https:\/\/rsnb.rapportactivite.ch\/2022\/wp-json\/wp\/v2\/media\/5104"}],"wp:attachment":[{"href":"https:\/\/rsnb.rapportactivite.ch\/2022\/wp-json\/wp\/v2\/media?parent=312"}],"wp:term":[{"taxonomy":"category","embeddable":true,"href":"https:\/\/rsnb.rapportactivite.ch\/2022\/wp-json\/wp\/v2\/categories?post=312"},{"taxonomy":"post_tag","embeddable":true,"href":"https:\/\/rsnb.rapportactivite.ch\/2022\/wp-json\/wp\/v2\/tags?post=312"}],"curies":[{"name":"wp","href":"https:\/\/api.w.org\/{rel}","templated":true}]}}