{"id":310,"date":"2019-05-10T09:20:49","date_gmt":"2019-05-10T07:20:49","guid":{"rendered":"https:\/\/rsnb.rapportactivite.ch\/2022\/?p=310"},"modified":"2024-05-25T09:43:15","modified_gmt":"2024-05-25T07:43:15","slug":"organisation-regionale-diabete","status":"publish","type":"post","link":"https:\/\/rsnb.rapportactivite.ch\/2022\/organisation-regionale-diabete\/","title":{"rendered":"Coordination R\u00e9gionale Diab\u00e8te"},"content":{"rendered":"<div class=\"wpb-content-wrapper\"><p>[vc_row][vc_column width=&#8221;2\/3&#8243;][vc_custom_heading text=&#8221;&#8221; font_container=&#8221;tag:h3|text_align:left&#8221; use_theme_fonts=&#8221;yes&#8221; el_class=&#8221;page-title&#8221;][vc_column_text]L\u2019alimentation est un des 4 piliers dans le traitement du diab\u00e8te. \u00c0 l\u2019heure des pr\u00e9occupations \u00e9cologiques, manger local et de saison, donc <strong>cultiver<\/strong> r\u00e9gional, sont des priorit\u00e9s, de m\u00eame que <strong>fertiliser<\/strong> les sols de mani\u00e8re la plus respectueuse possible. Tel fut le th\u00e8me choisi pour la journ\u00e9e mondiale 2022. Les autres axes de soins sont l\u2019activit\u00e9 physique, les traitements et la gestion du stress. Ce dernier point est souvent abord\u00e9 par les personnes diab\u00e9tiques qui voient leur glyc\u00e9mie monter en cas d\u2019\u00e9motions fortes. C\u2019est pourquoi, <strong>se cultiver, <\/strong>dans quel que soit le domaine artistique, peinture, litt\u00e9rature, musique\u2026 fait partie int\u00e9grante du soin et permet une approche plus holistique comme le proposent les m\u00e9decines douces, th\u00e8me de la conf\u00e9rence de la formation continue propos\u00e9e en 2022.[\/vc_column_text][\/vc_column][vc_column width=&#8221;1\/3&#8243;][vc_empty_space height=&#8221;72px&#8221;][vc_column_text el_class=&#8221;text-couleur&#8221;]<span style=\"font-size: 12pt\"><strong>Fait marquant : <\/strong>le remboursement par la LaMal des prestations des podologues pour le pied diab\u00e9tique \u00e0 risque<\/span>[\/vc_column_text][\/vc_column][\/vc_row][vc_row][vc_column][vc_custom_heading text=&#8221;Prestations aux patient\u00b7e\u00b7s&#8221; font_container=&#8221;tag:h3|text_align:left&#8221; use_theme_fonts=&#8221;yes&#8221; el_class=&#8221;page-title t-small&#8221;][\/vc_column][\/vc_row][vc_row][vc_column width=&#8221;2\/3&#8243;][vc_column_text]Le RSNB met \u00e9galement \u00e0 jour <a href=\"https:\/\/www.reseau-sante-nord-broye.ch\/system\/files\/liste_des_ressources_regionales_specialisees_2023.pdf\" target=\"_blank\" rel=\"noopener\">la liste des professionnel\u00b7le\u00b7s sp\u00e9cialis\u00e9\u00b7e\u00b7s<\/a> dans la prise en charge ambulatoire du diab\u00e8te.<\/p>\n<p>Selon les relev\u00e9s communiqu\u00e9s, 5 institutions et 11 professionnel\u00b7le\u00b7s ind\u00e9pendant\u00b7e\u00b7s ont suivi <span style=\"font-size: 14pt\"><strong>1&#8217;246 personnes<\/strong> <\/span>atteintes du diab\u00e8te dans la r\u00e9gion.[\/vc_column_text][\/vc_column][vc_column width=&#8221;1\/3&#8243;]<div class=\"rrj-chart rrj-bar-chart\">\n\t<div class=\"\">\n\n\t\t\n\t\t<h6 class=\"chart-title\" style=\"text-align:left\">Prestations sp\u00e9cialis\u00e9es identifi\u00e9es<\/h6>\n\n\t\t\n\t\t\n\t\t\n\t\t\n\t\t<canvas id=\"ifoMgANd\" style=\"width:16px;height:9px;\"><\/canvas>\n\n\t\t\n\t\t<div class=\"rrj-preload-wrap\" style=\"position:relative;text-align:center;padding-bottom:56.25%;width:100%;height:0;\"><div class=\"rrj-preloader-inner\" style=\"padding-top:calc( 28.125% - 52px\"><img decoding=\"async\" alt=\"\" src=\"https:\/\/rsnb.rapportactivite.ch\/2022\/wp-content\/plugins\/rrj-advanced-charts\/assets\/images\/loading.gif\" \/><\/div><\/div>\n\t\t\n\t<\/div>\n<\/div>\n[\/vc_column][\/vc_row][vc_row][vc_column][vc_custom_heading text=&#8221;Education th\u00e9rapeutique&#8221; font_container=&#8221;tag:h4|text_align:left&#8221; use_theme_fonts=&#8221;yes&#8221;][\/vc_column][\/vc_row][vc_row][vc_column width=&#8221;2\/3&#8243;][vc_column_text]6 cours ont pu \u00eatre r\u00e9alis\u00e9s dans les conditions sanitaires requises, dont un par visioconf\u00e9rence.<\/p>\n<p>2 cours du programme de base DIAfit (sur 4) ont \u00e9t\u00e9 propos\u00e9s et 2 cours post-DIAfit ont pu avoir lieu.<\/p>\n<p>Les journ\u00e9es de formation continue ont \u00e9t\u00e9 r\u00e9alis\u00e9es 5 fois. Le th\u00e8me 2022 concernait les m\u00e9decines douces et le diab\u00e8te, par le conf\u00e9rencier Dr Fabrice Jordan du centre tao\u00efste Ming Shan de Bullet.[\/vc_column_text][\/vc_column][vc_column width=&#8221;1\/3&#8243;][vc_column_text el_class=&#8221;text-couleur&#8221;]<span class=\"rsnb-evidence\" style=\"font-size: 3em\"><br \/>\n12<\/span> patient\u00b7e\u00b7s ont suivi DIAfit (13 en 2021)[\/vc_column_text][\/vc_column][\/vc_row][vc_row][vc_column width=&#8221;1\/2&#8243;]<div class=\"rrj-chart rrj-bar-chart\">\n\t<div class=\"\">\n\n\t\t\n\t\t<h6 class=\"chart-title\" style=\"text-align:left\">Cours d&#039;\u00e9ducation th\u00e9rapeutique<\/h6>\n\n\t\t\n\t\t\n\t\t\n\t\t\n\t\t<canvas id=\"3J6RZHxw\" style=\"width:16px;height:9px;\"><\/canvas>\n\n\t\t\n\t\t<div class=\"rrj-preload-wrap\" style=\"position:relative;text-align:center;padding-bottom:56.25%;width:100%;height:0;\"><div class=\"rrj-preloader-inner\" style=\"padding-top:calc( 28.125% - 52px\"><img decoding=\"async\" alt=\"\" src=\"https:\/\/rsnb.rapportactivite.ch\/2022\/wp-content\/plugins\/rrj-advanced-charts\/assets\/images\/loading.gif\" \/><\/div><\/div>\n\t\t\n\t<\/div>\n<\/div>\n[\/vc_column][vc_column width=&#8221;1\/2&#8243;]<div class=\"rrj-chart rrj-bar-chart\">\n\t<div class=\"\">\n\n\t\t\n\t\t<h6 class=\"chart-title\" style=\"text-align:left\">Cours de formation continue<\/h6>\n\n\t\t\n\t\t\n\t\t\n\t\t\n\t\t<canvas id=\"GilFn7mF\" style=\"width:16px;height:9px;\"><\/canvas>\n\n\t\t\n\t\t<div class=\"rrj-preload-wrap\" style=\"position:relative;text-align:center;padding-bottom:56.25%;width:100%;height:0;\"><div class=\"rrj-preloader-inner\" style=\"padding-top:calc( 28.125% - 52px\"><img decoding=\"async\" alt=\"\" src=\"https:\/\/rsnb.rapportactivite.ch\/2022\/wp-content\/plugins\/rrj-advanced-charts\/assets\/images\/loading.gif\" \/><\/div><\/div>\n\t\t\n\t<\/div>\n<\/div>\n[\/vc_column][\/vc_row][vc_row][vc_column width=&#8221;2\/3&#8243;][vc_custom_heading text=&#8221;Organisation dans la Broye&#8221; font_container=&#8221;tag:h3|text_align:left&#8221; use_theme_fonts=&#8221;yes&#8221; css=&#8221;.vc_custom_1589962769044{margin-top: 30px !important;}&#8221; el_class=&#8221;page-title t-small&#8221;][vc_column_text]Lors des rencontres r\u00e9alis\u00e9es en 2022 avec les infirmi\u00e8res sp\u00e9cialis\u00e9es des diff\u00e9rentes institutions (eHnv, ASPMAD et RSBJ), trois th\u00e8mes prioritaires ont \u00e9t\u00e9 identifi\u00e9s :<\/p>\n<ul>\n<li>assurer un acc\u00e8s aux soins \u00e9quitables pour l\u2019ensemble des personnes et pour toutes les prestations<\/li>\n<li>d\u00e9velopper la prise en charge infirmi\u00e8re ainsi que leur fonctionnement en r\u00e9seau avec un accent sur la collaboration et la coordination au sein de ce r\u00e9seau<\/li>\n<li>renforcer la formation des 1<sup>res<\/sup> lignes<\/li>\n<\/ul>\n<p>[\/vc_column_text][vc_custom_heading text=&#8221;Journ\u00e9e mondiale du diab\u00e8te&#8221; font_container=&#8221;tag:h3|text_align:left&#8221; use_theme_fonts=&#8221;yes&#8221; el_class=&#8221;page-title t-small&#8221;][vc_column_text]Des d\u00e9pistages et des stands de conseils ont \u00e9t\u00e9 r\u00e9alis\u00e9s sur 3 sites, \u00e0 Sainte-Croix en juin, \u00e0 Avenches au P\u00f4le Sant\u00e9 et \u00e0 la gare d\u2019Yverdon-les-Bains.<\/p>\n<ul>\n<li>82 personnes ont b\u00e9n\u00e9fici\u00e9 de d\u00e9pistages et 50 ont re\u00e7u des informations.<\/li>\n<li>Des affiches avec des informations nutritionnelles pour une alimentation durable ont \u00e9t\u00e9 r\u00e9alis\u00e9es.<\/li>\n<\/ul>\n<p>[\/vc_column_text][vc_custom_heading text=&#8221;Prestations aux professionnel\u00b7le\u00b7s&#8221; font_container=&#8221;tag:h3|text_align:left&#8221; use_theme_fonts=&#8221;yes&#8221; el_class=&#8221;page-title t-small&#8221;][vc_column_text]Le forum cantonal sur le th\u00e8me \u00ab D\u00e9velopper son agilit\u00e9 face \u00e0 la multi morbidit\u00e9 \u00bb a eu lieu pour la premi\u00e8re fois \u00e0 l\u2019H\u00f4pital Riviera Chablais \u00e0 Rennaz et a permis de r\u00e9unir pr\u00e8s de<span style=\"font-size: 14pt\"><strong> 100 professionnel-le-s<\/strong><\/span>. Ce dernier a \u00e9t\u00e9 organis\u00e9 en collaboration avec QualiCCare.<\/p>\n<p>Le cours de sensibilisation \u00e0 l\u2019\u00e9ducation th\u00e9rapeutique (SET) a \u00e9t\u00e9 propos\u00e9 \u00e0 <strong>10 professionnel-le-s<\/strong> de diff\u00e9rents domaines de la sant\u00e9, dont un bottier-orthop\u00e9diste et un patient-partenaire des HUG.<\/p>\n<p>Des conf\u00e9rences sont r\u00e9guli\u00e8rement organis\u00e9es par diabetevaud.<\/p>\n<p>Les Recommandations de pratique clinique (RPC) (<a href=\"https:\/\/www.recodiab.ch\/\" target=\"_blank\" rel=\"noopener\">www.recodiab.ch<\/a>) et les docsdiab (<a href=\"http:\/\/www.diabetevaud.ch\/docdiab\/\">www.diabetevaud.ch\/docdiab\/<\/a>) sont r\u00e9guli\u00e8rement mis \u00e0 jour.[\/vc_column_text][vc_custom_heading text=&#8221;Groupes m\u00e9tier&#8221; font_container=&#8221;tag:h3|text_align:left&#8221; use_theme_fonts=&#8221;yes&#8221; el_class=&#8221;page-title t-small&#8221;][vc_column_text]Les groupes \u00ab m\u00e9tier \u00bb suivants ont tenu des s\u00e9ances :<\/p>\n<ul>\n<li><strong>La plateforme r\u00e9gionale diab\u00e8te <\/strong>(1 s\u00e9ance) a permis, lors de travaux en groupe, de d\u00e9terminer les besoins pour 2023 : rapports de transmission synth\u00e9tique, liste des professionnel\u00b7le\u00b7s sp\u00e9cialis\u00e9\u00b7e\u00b7s mieux connue et organisation de &#8220;lunchs pratique&#8221; pour des rencontres cliniques. Le Dr JP Vez part \u00e0 la retraite et, de fait, va cesser son activit\u00e9 \u00e0 la plateforme.<\/li>\n<li><strong>Les di\u00e9t\u00e9ticien\u00b7ne\u00b7s et coordinatrices en m\u00e9decine ambulatoire (CMA) <\/strong>(2 s\u00e9ances) : Accueil de 4 nouvelles personnes. Le rapport de transmission synth\u00e9tique, destin\u00e9 aux m\u00e9decins, a \u00e9t\u00e9 finalis\u00e9. Les actions pour la journ\u00e9e mondiale ont \u00e9t\u00e9 organis\u00e9es : affiches informatives, recettes, tableau des consommations de saison ont \u00e9t\u00e9 pr\u00e9par\u00e9s.<\/li>\n<li><strong style=\"background-color: var(--bs-body-bg);color: var(--bs-body-color);font-size: var(--bs-body-font-size);text-align: var(--bs-body-text-align)\">Podologues <\/strong><span style=\"background-color: var(--bs-body-bg);color: var(--bs-body-color);font-size: var(--bs-body-font-size);font-weight: var(--bs-body-font-weight);text-align: var(--bs-body-text-align)\">: <\/span>Les soins prodigu\u00e9s par les podologues sont enfin rembours\u00e9s par l\u2019assurance de base depuis le d\u00e9but de l\u2019ann\u00e9e. Pour rappel, ce sont les soins pour le pied \u00e0 risque et uniquement pour 4 \u00e0 6 s\u00e9ances par an.<\/li>\n<\/ul>\n<p>[\/vc_column_text][vc_custom_heading text=&#8221;Projet diab\u00e9to-p\u00e9diatrie&#8221; font_container=&#8221;tag:h3|text_align:left&#8221; use_theme_fonts=&#8221;yes&#8221; el_class=&#8221;page-title t-small&#8221;][vc_column_text]Ce projet, port\u00e9 par les eHnv et valid\u00e9 par le Bureau Nord en 2021, sera d\u00e9ploy\u00e9 en diff\u00e9rentes phases : le suivi ambulatoire tout d\u2019abord, puis dans un second temps la prise en charge hospitali\u00e8re au moment du diagnostic.<\/p>\n<p>Une m\u00e9decin endocrinologue-p\u00e9diatre est int\u00e9ress\u00e9e \u00e0 venir aux eHnv. Le projet d\u00e9butera avec les suivis des enfants diab\u00e9tiques, puis avec les diab\u00e8tes inauguraux. Les partenaires r\u00e9gionaux seront impliqu\u00e9s.[\/vc_column_text][vc_btn title=&#8221;Retour&#8221; style=&#8221;flat&#8221; shape=&#8221;square&#8221; color=&#8221;btn-rsnb1&#8243; align=&#8221;left&#8221; i_icon_fontawesome=&#8221;fas fa-angle-left&#8221; add_icon=&#8221;true&#8221; link=&#8221;url:https%3A%2F%2Frsnb.rapportactivite.ch%2F2022%2F%23prestations|title:Retour%20%C3%A0%20l&#8217;accueil&#8221; css=&#8221;.vc_custom_1684935526899{margin-top: 15px !important;}&#8221;][\/vc_column][vc_column width=&#8221;1\/3&#8243;][\/vc_column][\/vc_row]<\/p>\n<\/div>","protected":false},"excerpt":{"rendered":"<p>[vc_row][vc_column width=&#8221;2\/3&#8243;][vc_custom_heading text=&#8221;&#8221; font_container=&#8221;tag:h3|text_align:left&#8221; use_theme_fonts=&#8221;yes&#8221; el_class=&#8221;page-title&#8221;][vc_column_text]L\u2019alimentation est un des 4 piliers dans le traitement du diab\u00e8te. \u00c0 l\u2019heure des pr\u00e9occupations \u00e9cologiques, manger local et de saison, donc cultiver r\u00e9gional, sont des priorit\u00e9s, de m\u00eame que fertiliser les sols de mani\u00e8re la plus respectueuse possible. Tel fut le th\u00e8me choisi pour la journ\u00e9e mondiale 2022. Les [&#8230;]<\/p>\n<p><a class=\"btn btn-secondary understrap-read-more-link\" href=\"https:\/\/rsnb.rapportactivite.ch\/2022\/organisation-regionale-diabete\/\">Lire la suite\u2026<span class=\"screen-reader-text\"> from Coordination R\u00e9gionale Diab\u00e8te<\/span><\/a><\/p>\n","protected":false},"author":2,"featured_media":5108,"comment_status":"closed","ping_status":"closed","sticky":false,"template":"","format":"standard","meta":{"_acf_changed":false,"wds_primary_category":0,"footnotes":""},"categories":[6],"tags":[],"acf":[],"_links":{"self":[{"href":"https:\/\/rsnb.rapportactivite.ch\/2022\/wp-json\/wp\/v2\/posts\/310"}],"collection":[{"href":"https:\/\/rsnb.rapportactivite.ch\/2022\/wp-json\/wp\/v2\/posts"}],"about":[{"href":"https:\/\/rsnb.rapportactivite.ch\/2022\/wp-json\/wp\/v2\/types\/post"}],"author":[{"embeddable":true,"href":"https:\/\/rsnb.rapportactivite.ch\/2022\/wp-json\/wp\/v2\/users\/2"}],"replies":[{"embeddable":true,"href":"https:\/\/rsnb.rapportactivite.ch\/2022\/wp-json\/wp\/v2\/comments?post=310"}],"version-history":[{"count":275,"href":"https:\/\/rsnb.rapportactivite.ch\/2022\/wp-json\/wp\/v2\/posts\/310\/revisions"}],"predecessor-version":[{"id":5745,"href":"https:\/\/rsnb.rapportactivite.ch\/2022\/wp-json\/wp\/v2\/posts\/310\/revisions\/5745"}],"wp:featuredmedia":[{"embeddable":true,"href":"https:\/\/rsnb.rapportactivite.ch\/2022\/wp-json\/wp\/v2\/media\/5108"}],"wp:attachment":[{"href":"https:\/\/rsnb.rapportactivite.ch\/2022\/wp-json\/wp\/v2\/media?parent=310"}],"wp:term":[{"taxonomy":"category","embeddable":true,"href":"https:\/\/rsnb.rapportactivite.ch\/2022\/wp-json\/wp\/v2\/categories?post=310"},{"taxonomy":"post_tag","embeddable":true,"href":"https:\/\/rsnb.rapportactivite.ch\/2022\/wp-json\/wp\/v2\/tags?post=310"}],"curies":[{"name":"wp","href":"https:\/\/api.w.org\/{rel}","templated":true}]}}