{"id":308,"date":"2019-05-10T09:20:36","date_gmt":"2019-05-10T07:20:36","guid":{"rendered":"https:\/\/rsnb.rapportactivite.ch\/2022\/?p=308"},"modified":"2023-08-17T12:15:45","modified_gmt":"2023-08-17T10:15:45","slug":"prestations-de-soutien-aux-proches-aidant%c2%b7e%c2%b7s","status":"publish","type":"post","link":"https:\/\/rsnb.rapportactivite.ch\/2022\/prestations-de-soutien-aux-proches-aidant%c2%b7e%c2%b7s\/","title":{"rendered":"Prestations de soutien aux Proches Aidant\u00b7e\u00b7s"},"content":{"rendered":"<div class=\"wpb-content-wrapper\"><p>[vc_row][vc_column width=&#8221;2\/3&#8243;][vc_column_text]Plus de dix ans d\u2019engagement du R\u00e9seau pour soutenir, organiser et coordonner les prestations de soutien aux Proches Aidant\u2219e\u2219s de la r\u00e9gion[\/vc_column_text][\/vc_column][vc_column width=&#8221;1\/3&#8243;][\/vc_column][\/vc_row][vc_row][vc_column width=&#8221;2\/3&#8243;][vc_custom_heading text=&#8221;Consultation psychologique pour les Proches Aidant\u00b7e\u00b7s (CPA)&#8221; font_container=&#8221;tag:h3|text_align:left&#8221; use_theme_fonts=&#8221;yes&#8221; el_class=&#8221;page-title t-small&#8221;][\/vc_column][vc_column width=&#8221;1\/3&#8243;][\/vc_column][\/vc_row][vc_row][vc_column width=&#8221;2\/3&#8243;][vc_column_text]L\u2019ann\u00e9e 2022 est le onzi\u00e8me exercice de la CPA Nord Broye. La dotation est rest\u00e9e constante, soit 0.7 EPT au total.<\/p>\n<ul>\n<li>0.1 EPT tenu par Mme Moser-Pont, psychologue associ\u00e9e au DP-CHUV, d\u00e9volu \u00e0 la responsabilit\u00e9 fonctionnelle de la CPA Nord Broye et \u00e0 sa promotion<\/li>\n<li>0.6 EPT d\u00e9volu \u00e0 la clinique r\u00e9partie entre deux psychologues, Anna Rivoir, psychologue associ\u00e9e, et Alice Dermitzel, psychologue assistante.<\/li>\n<\/ul>\n<p><span style=\"background-color: var(--bs-body-bg); color: var(--bs-body-color); font-size: var(--bs-body-font-size); font-weight: var(--bs-body-font-weight); text-align: var(--bs-body-text-align);\">Anna Rivoir rencontre de fa\u00e7on hebdomadaire la psychologue assistante, Alice Dermitzel, pour diverses t\u00e2ches d\u2019encadrement et d\u2019organisation. Il s\u2019agit notamment de planifier la promotion, de coordonner les prestations, y compris avec les autres membres du R\u00e9seau, de discuter de leur indication par rapport \u00e0 une psychoth\u00e9rapie, de r\u00e9diger le rapport d\u2019activit\u00e9, etc. <\/span><span style=\"background-color: var(--bs-body-bg); color: var(--bs-body-color); font-size: var(--bs-body-font-size); font-weight: var(--bs-body-font-weight); text-align: var(--bs-body-text-align);\">Mme Moser-Pont est pr\u00e9sente une fois par mois durant ces moments d\u2019\u00e9changes. L&#8217;objet de 8 de ces rencontres a \u00e9t\u00e9 la supervision.<\/span><\/p>\n<p>La CPA Nord Broye a effectu\u00e9 623 entretiens. Ce nombre est en constante augmentation par rapport aux ann\u00e9es pr\u00e9c\u00e9dentes. Ces entretiens se r\u00e9partissent sur 206 suivis, dont 133 suivis d\u00e9but\u00e9s durant l&#8217;ann\u00e9e.<\/p>\n<p>Au vu de la croissance du nombre de suivis ces deux derni\u00e8res ann\u00e9es, une demande d\u2019augmentation de 0.1 EPT clinique pour 2023 est \u00e0 l\u2019\u00e9tude avec la DGCS.[\/vc_column_text][\/vc_column][vc_column width=&#8221;1\/3&#8243;]<div class=\"rrj-chart rrj-bar-chart\">\n\t<div class=\"\">\n\n\t\t\n\t\t<h6 class=\"chart-title\" >Evolution du nombre d&#039;entretiens<\/h6>\n\n\t\t\n\t\t\n\t\t\n\t\t\n\t\t<canvas id=\"8O8CsWKG\" style=\"width:16px;height:9px;\"><\/canvas>\n\n\t\t\n\t\t<div class=\"rrj-preload-wrap\" style=\"position:relative;text-align:center;padding-bottom:56.25%;width:100%;height:0;\"><div class=\"rrj-preloader-inner\" style=\"padding-top:calc( 28.125% - 52px\"><img decoding=\"async\" alt=\"\" src=\"https:\/\/rsnb.rapportactivite.ch\/2022\/wp-content\/plugins\/rrj-advanced-charts\/assets\/images\/loading.gif\" \/><\/div><\/div>\n\t\t\n\t<\/div>\n<\/div>\n[\/vc_column][\/vc_row][vc_row][vc_column width=&#8221;2\/3&#8243;][vc_custom_heading text=&#8221;Plateforme Proches Aidant\u00b7e\u00b7s \u2013 Coordination r\u00e9gionale&#8221; font_container=&#8221;tag:h3|text_align:left&#8221; use_theme_fonts=&#8221;yes&#8221; el_class=&#8221;page-title t-small&#8221;][vc_column_text]La Plateforme s\u2019est r\u00e9unie quatre fois en 2022. Plusieurs associations ont utilis\u00e9 les rencontres pour pr\u00e9senter leurs activit\u00e9s ou lancer de nouveaux projets, comme notamment la Plateforme ProcheConnect, le dispositif Elderli (pour soutenir la collocation interg\u00e9n\u00e9rationnelle), le Dossier \u00e9lectronique du patient ou encore le Cross des Papillons.<\/p>\n<p>La Plateforme a aussi \u00e9t\u00e9 l\u2019occasion d\u2019\u00e9changer sur les constats et besoins du terrain.[\/vc_column_text][\/vc_column][\/vc_row][vc_row][vc_column width=&#8221;2\/3&#8243;][vc_custom_heading text=&#8221;Journ\u00e9e cantonale des Proches Aidant\u00b7e\u00b7s&#8221; font_container=&#8221;tag:h3|text_align:left&#8221; use_theme_fonts=&#8221;yes&#8221; el_class=&#8221;page-title t-small&#8221;][vc_column_text]Plusieurs activit\u00e9s couvrant la majeure partie du territoire du R\u00e9seau ont \u00e9t\u00e9 organis\u00e9es par les partenaires du RSNB. La manifestation phare a \u00e9t\u00e9 le Cross des Papillons, qui vivait sa premi\u00e8re \u00e9dition le 30 octobre \u00e0 Cronay. L\u2019organisation a d\u00e9cid\u00e9 d\u2019attribuer le b\u00e9n\u00e9fice de la manifestation \u00e0 l\u2019Association de Proches Aidant\u00b7e\u00b7s d&#8217;Yvonand et donner de la visibilit\u00e9 aux proches aidant\u00b7e\u00b7s en g\u00e9n\u00e9ral. Le RSNB et ses partenaires \u00e9taient invit\u00e9s \u00e0 \u00eatre pr\u00e9sents le 30 octobre parmi les coureurs, et avec des stands d\u2019information \u00e0 l\u2019arriv\u00e9e du cross.<\/p>\n<p>Diverses manifestations dans l\u2019espace public ont aussi eu lieu \u00e0 d&#8217;autres moments de l\u2019ann\u00e9e. On rel\u00e8ve notamment, d\u00e9but octobre, la pr\u00e9sence durant une journ\u00e9e au Balcon du Jura, du Bus 65 de Pro Senectute avec plusieurs partenaires de la plateforme.[\/vc_column_text][\/vc_column][vc_column width=&#8221;1\/3&#8243;][\/vc_column][\/vc_row][vc_row][vc_column width=&#8221;2\/3&#8243;][vc_custom_heading text=&#8221;Visite de la Conseill\u00e8re d\u2019Etat Rebecca Ruiz&#8221; font_container=&#8221;tag:h3|text_align:left&#8221; use_theme_fonts=&#8221;yes&#8221; el_class=&#8221;page-title t-small&#8221;][\/vc_column][vc_column width=&#8221;1\/3&#8243;][\/vc_column][\/vc_row][vc_row][vc_column width=&#8221;2\/3&#8243;][vc_column_text]La Conseill\u00e8re d\u2019Etat, Rebecca Ruiz, a visit\u00e9 chaque r\u00e9gion. Elle \u00e9tait pr\u00e9sente le 12 mai 2022 \u00e0 Yvonand \u00e0 la soir\u00e9e organis\u00e9e par le RSNB avec les partenaires de la Plateforme Proches Aidant\u00b7e\u00b7s sur le sujet des jeunes proches aidant\u00b7e\u00b7s et proches aid\u00e9\u00b7e\u00b7s.<\/p>\n<p>Des jeunes sont venus t\u00e9moigner de leur v\u00e9cu de jeunes aidant\u00b7e\u00b7s d\u2019un de leur parent malade ou en tant que jeune aid\u00e9\u00b7e atteint\u00b7e dans sa sant\u00e9. L\u2019\u00c9cole de cirque d\u2019Yverdon, qui inclut aussi des jeunes vuln\u00e9rables, est venue offrir un moment de r\u00eave et de respiration durant cette soir\u00e9e forte en \u00e9motions. Ces t\u00e9moignages ont mis en lumi\u00e8re, pour la centaine de personnes pr\u00e9sentes, l\u2019importance de mieux soutenir les jeunes proches aidant\u00b7e\u00b7s qui \u0153uvrent souvent dans l\u2019ombre et qui sont un peu livr\u00e9\u00b7e\u00b7s \u00e0 eux ou elles-m\u00eames.[\/vc_column_text][\/vc_column][vc_column width=&#8221;1\/3&#8243;][vc_single_image image=&#8221;5003&#8243; img_size=&#8221;large&#8221;][\/vc_column][\/vc_row][vc_row][vc_column width=&#8221;2\/3&#8243;][vc_custom_heading text=&#8221;Projet &#8220;un banc pour dire merci&#8220; aux proches aidants&#8221; font_container=&#8221;tag:h3|text_align:left&#8221; use_theme_fonts=&#8221;yes&#8221; el_class=&#8221;page-title t-small&#8221;][\/vc_column][vc_column width=&#8221;1\/3&#8243;][\/vc_column][\/vc_row][vc_row][vc_column width=&#8221;2\/3&#8243;][vc_column_text]Le but de ce projet \u00e9tait de donner de la visibilit\u00e9 aux proches aidant\u00b7e\u00b7s toute l\u2019ann\u00e9e, dans toutes les communes, gr\u00e2ce \u00e0 la pose sur un banc public d\u2019une petite plaquette color\u00e9e d\u00e9di\u00e9e aux proches aidant\u00b7e\u00b7s. Le num\u00e9ro de t\u00e9l\u00e9phone et le site internet de la porte d\u2019entr\u00e9e cantonale d\u2019informations sur les soutiens aux proches aidants sont inscrits sur cette plaquette.<\/p>\n<p>Toutes les communes de la r\u00e9gion ont \u00e9t\u00e9 sollicit\u00e9es et les 25 premi\u00e8res plaquettes sont parties en six semaines. Au vu de ce succ\u00e8s, l\u2019action a \u00e9t\u00e9 \u00e9tendue \u00e0 l\u2019ensemble des communes du canton, avec finalement l\u2019\u00e9dition d\u2019une plaquette commune cantonale. \u00c0 ce jour, 55 plaquettes ont \u00e9t\u00e9 install\u00e9es sur les bancs publics de 31 communes de la r\u00e9gion.<\/p>\n<p><a href=\"https:\/\/www.laregion.ch\/un-banc-pour-dire-merci\/\" target=\"_blank\" rel=\"noopener\">Lire l&#8217;article sur le sujet<\/a>[\/vc_column_text][\/vc_column][vc_column width=&#8221;1\/3&#8243;][vc_single_image image=&#8221;5034&#8243; img_size=&#8221;large&#8221;][\/vc_column][\/vc_row][vc_row][vc_column][vc_btn title=&#8221;Retour&#8221; style=&#8221;flat&#8221; shape=&#8221;square&#8221; color=&#8221;btn-rsnb1&#8243; align=&#8221;left&#8221; i_icon_fontawesome=&#8221;fas fa-angle-left&#8221; add_icon=&#8221;true&#8221; link=&#8221;url:https%3A%2F%2Frsnb.rapportactivite.ch%2F2022%2F%23prestations|title:Retour%20%C3%A0%20l&#8217;accueil&#8221; css=&#8221;.vc_custom_1684935544592{margin-top: 15px !important;}&#8221;][\/vc_column][\/vc_row]<\/p>\n<\/div>","protected":false},"excerpt":{"rendered":"<p>[vc_row][vc_column width=&#8221;2\/3&#8243;][vc_column_text]Plus de dix ans d\u2019engagement du R\u00e9seau pour soutenir, organiser et coordonner les prestations de soutien aux Proches Aidant\u2219e\u2219s de la r\u00e9gion[\/vc_column_text][\/vc_column][vc_column width=&#8221;1\/3&#8243;][\/vc_column][\/vc_row][vc_row][vc_column width=&#8221;2\/3&#8243;][vc_custom_heading text=&#8221;Consultation psychologique pour les Proches Aidant\u00b7e\u00b7s (CPA)&#8221; font_container=&#8221;tag:h3|text_align:left&#8221; use_theme_fonts=&#8221;yes&#8221; el_class=&#8221;page-title t-small&#8221;][\/vc_column][vc_column width=&#8221;1\/3&#8243;][\/vc_column][\/vc_row][vc_row][vc_column width=&#8221;2\/3&#8243;][vc_column_text]L\u2019ann\u00e9e 2022 est le onzi\u00e8me exercice de la CPA Nord Broye. La dotation est rest\u00e9e constante, soit 0.7 [&#8230;]<\/p>\n<p><a class=\"btn btn-secondary understrap-read-more-link\" href=\"https:\/\/rsnb.rapportactivite.ch\/2022\/prestations-de-soutien-aux-proches-aidant%c2%b7e%c2%b7s\/\">Lire la suite\u2026<span class=\"screen-reader-text\"> from Prestations de soutien aux Proches Aidant\u00b7e\u00b7s<\/span><\/a><\/p>\n","protected":false},"author":2,"featured_media":5106,"comment_status":"closed","ping_status":"closed","sticky":false,"template":"","format":"standard","meta":{"_acf_changed":false,"wds_primary_category":0,"footnotes":""},"categories":[6],"tags":[],"acf":[],"_links":{"self":[{"href":"https:\/\/rsnb.rapportactivite.ch\/2022\/wp-json\/wp\/v2\/posts\/308"}],"collection":[{"href":"https:\/\/rsnb.rapportactivite.ch\/2022\/wp-json\/wp\/v2\/posts"}],"about":[{"href":"https:\/\/rsnb.rapportactivite.ch\/2022\/wp-json\/wp\/v2\/types\/post"}],"author":[{"embeddable":true,"href":"https:\/\/rsnb.rapportactivite.ch\/2022\/wp-json\/wp\/v2\/users\/2"}],"replies":[{"embeddable":true,"href":"https:\/\/rsnb.rapportactivite.ch\/2022\/wp-json\/wp\/v2\/comments?post=308"}],"version-history":[{"count":114,"href":"https:\/\/rsnb.rapportactivite.ch\/2022\/wp-json\/wp\/v2\/posts\/308\/revisions"}],"predecessor-version":[{"id":5797,"href":"https:\/\/rsnb.rapportactivite.ch\/2022\/wp-json\/wp\/v2\/posts\/308\/revisions\/5797"}],"wp:featuredmedia":[{"embeddable":true,"href":"https:\/\/rsnb.rapportactivite.ch\/2022\/wp-json\/wp\/v2\/media\/5106"}],"wp:attachment":[{"href":"https:\/\/rsnb.rapportactivite.ch\/2022\/wp-json\/wp\/v2\/media?parent=308"}],"wp:term":[{"taxonomy":"category","embeddable":true,"href":"https:\/\/rsnb.rapportactivite.ch\/2022\/wp-json\/wp\/v2\/categories?post=308"},{"taxonomy":"post_tag","embeddable":true,"href":"https:\/\/rsnb.rapportactivite.ch\/2022\/wp-json\/wp\/v2\/tags?post=308"}],"curies":[{"name":"wp","href":"https:\/\/api.w.org\/{rel}","templated":true}]}}