{"id":306,"date":"2019-05-10T09:20:04","date_gmt":"2019-05-10T07:20:04","guid":{"rendered":"https:\/\/rsnb.rapportactivite.ch\/2022\/?p=306"},"modified":"2023-08-17T12:14:48","modified_gmt":"2023-08-17T10:14:48","slug":"centre-memoire-et-geriatrie","status":"publish","type":"post","link":"https:\/\/rsnb.rapportactivite.ch\/2022\/centre-memoire-et-geriatrie\/","title":{"rendered":"Centre M\u00e9moire et G\u00e9riatrie (CMG)"},"content":{"rendered":"<div class=\"wpb-content-wrapper\"><p>[vc_row][vc_column width=&#8221;2\/3&#8243;][vc_custom_heading text=&#8221;Consolidation de la consultation de 2e ligne&#8221; use_theme_fonts=&#8221;yes&#8221; el_class=&#8221;page-title&#8221;][\/vc_column][vc_column width=&#8221;1\/3&#8243;][\/vc_column][\/vc_row][vc_row][vc_column width=&#8221;2\/3&#8243;][vc_column_text]Pendant toute l\u2019ann\u00e9e 2022, les consultations de 2<sup>e <\/sup>ligne du Centre M\u00e9moire et G\u00e9riatrie se sont d\u00e9ploy\u00e9es pour r\u00e9pondre aux sollicitations en constante augmentation des m\u00e9decins traitant\u00b7e\u00b7s de la r\u00e9gion.[\/vc_column_text][\/vc_column][vc_column width=&#8221;1\/3&#8243;][\/vc_column][\/vc_row][vc_row][vc_column width=&#8221;2\/3&#8243;][vc_custom_heading text=&#8221;Activit\u00e9 du Centre M\u00e9moire et G\u00e9riatrie en quelques chiffres&#8221; font_container=&#8221;tag:h3|text_align:left&#8221; use_theme_fonts=&#8221;yes&#8221; el_class=&#8221;page-title t-small&#8221;][\/vc_column][vc_column width=&#8221;1\/3&#8243;][\/vc_column][\/vc_row][vc_row][vc_column width=&#8221;1\/2&#8243;]<div class=\"rrj-chart rrj-bar-chart\">\n\t<div class=\"\">\n\n\t\t\n\t\t<h6 class=\"chart-title\" style=\"text-align:left\">Nombre de demandes de consultations<\/h6>\n\n\t\t\n\t\t\n\t\t\n\t\t\n\t\t<canvas id=\"Id3iWlXK\" style=\"width:16px;height:9px;\"><\/canvas>\n\n\t\t\n\t\t<div class=\"rrj-preload-wrap\" style=\"position:relative;text-align:center;padding-bottom:56.25%;width:100%;height:0;\"><div class=\"rrj-preloader-inner\" style=\"padding-top:calc( 28.125% - 52px\"><img decoding=\"async\" alt=\"\" src=\"https:\/\/rsnb.rapportactivite.ch\/2022\/wp-content\/plugins\/rrj-advanced-charts\/assets\/images\/loading.gif\" \/><\/div><\/div>\n\t\t\n\t<\/div>\n<\/div>\n[\/vc_column][vc_column width=&#8221;1\/2&#8243;]<div class=\"rrj-chart rrj-bar-chart\">\n\t<div class=\"\">\n\n\t\t\n\t\t<h6 class=\"chart-title\" style=\"text-align:left\">Evolution de la facturation<\/h6>\n\n\t\t\n\t\t\n\t\t\n\t\t\n\t\t<canvas id=\"nHjAhnG8\" style=\"width:16px;height:9px;\"><\/canvas>\n\n\t\t\n\t\t<div class=\"rrj-preload-wrap\" style=\"position:relative;text-align:center;padding-bottom:56.25%;width:100%;height:0;\"><div class=\"rrj-preloader-inner\" style=\"padding-top:calc( 28.125% - 52px\"><img decoding=\"async\" alt=\"\" src=\"https:\/\/rsnb.rapportactivite.ch\/2022\/wp-content\/plugins\/rrj-advanced-charts\/assets\/images\/loading.gif\" \/><\/div><\/div>\n\t\t\n\t<\/div>\n<\/div>\n[\/vc_column][\/vc_row][vc_row][vc_column][vc_empty_space height=&#8221;20px&#8221;][\/vc_column][\/vc_row][vc_row][vc_column width=&#8221;1\/2&#8243;]<div class=\"rrj-chart rrj-bar-chart\">\n\t<div class=\"\">\n\n\t\t\n\t\t<h6 class=\"chart-title\" >Nombre total de situations suivies<\/h6>\n\n\t\t\n\t\t\n\t\t\n\t\t\n\t\t<canvas id=\"CmzVoACe\" style=\"width:16px;height:9px;\"><\/canvas>\n\n\t\t\n\t\t<div class=\"rrj-preload-wrap\" style=\"position:relative;text-align:center;padding-bottom:56.25%;width:100%;height:0;\"><div class=\"rrj-preloader-inner\" style=\"padding-top:calc( 28.125% - 52px\"><img decoding=\"async\" alt=\"\" src=\"https:\/\/rsnb.rapportactivite.ch\/2022\/wp-content\/plugins\/rrj-advanced-charts\/assets\/images\/loading.gif\" \/><\/div><\/div>\n\t\t\n\t<\/div>\n<\/div>\n[\/vc_column][vc_column width=&#8221;1\/2&#8243;]<div class=\"rrj-chart rrj-bar-chart\">\n\t<div class=\"\">\n\n\t\t\n\t\t<h6 class=\"chart-title\" style=\"text-align:left\">Nombre de nouvelles situations<\/h6>\n\n\t\t\n\t\t\n\t\t\n\t\t\n\t\t<canvas id=\"F5a3Yn5B\" style=\"width:16px;height:9px;\"><\/canvas>\n\n\t\t\n\t\t<div class=\"rrj-preload-wrap\" style=\"position:relative;text-align:center;padding-bottom:56.25%;width:100%;height:0;\"><div class=\"rrj-preloader-inner\" style=\"padding-top:calc( 28.125% - 52px\"><img decoding=\"async\" alt=\"\" src=\"https:\/\/rsnb.rapportactivite.ch\/2022\/wp-content\/plugins\/rrj-advanced-charts\/assets\/images\/loading.gif\" \/><\/div><\/div>\n\t\t\n\t<\/div>\n<\/div>\n[\/vc_column][\/vc_row][vc_row][vc_column][vc_empty_space height=&#8221;20px&#8221;][\/vc_column][\/vc_row][vc_row][vc_column width=&#8221;2\/3&#8243;][vc_column_text]<strong>Augmentation du nombre de demandes de consultation de g\u00e9riatrie issues des urgences !<\/strong><\/p>\n<p>Les demandes des m\u00e9decins de premi\u00e8re ligne continuent \u00e0 augmenter. Depuis les urgences des eHnv d\u2019Yverdon, les demandes ont fait un bond exigeant un renforcement de la dotation (0.4 EPT de secr\u00e9tariat et 0.4 EPT infirmier) pour ne pas laisser ces demandes sans suite.<\/p>\n<p>Toujours dans cet esprit, pour 2023 une demande de soutien infirmier suppl\u00e9mentaire de 0.5 EPT a \u00e9t\u00e9 soumise \u00e0 la DGS (transfert de ressources du projet PRS au CMG). Compte tenu du d\u00e9part de l&#8217;une des deux g\u00e9riatres en mars 2021, la consultation de g\u00e9riatrie va b\u00e9n\u00e9ficier d\u00e8s le mois de mai 2023 de l&#8217;arriv\u00e9e d&#8217;une nouvelle g\u00e9riatre pour renforcer l&#8217;\u00e9quipe. Ce recrutement est le r\u00e9sultat d\u2019une collaboration entre les eHnv et le RSNB qui se r\u00e9partiront ce poste \u00e0 0.5 EPT chacun.[\/vc_column_text][vc_single_image image=&#8221;5776&#8243; img_size=&#8221;large&#8221;][\/vc_column][vc_column width=&#8221;1\/3&#8243;][vc_empty_space height=&#8221;256px&#8221;]<div class=\"rrj-chart rrj-pie-chart\">\n\t<div class=\" vc_custom_1683629390514\">\n\n\t\t\n\t\t<h4 class=\"chart-title\" style=\"text-align:left\">Provenance des demandes<\/h4>\n\n\t\t\t\t\t\t\t\t\n\t\t\n\t\t<canvas id=\"sjw2N1pM\" style=\"width:16px;height:9px;\"><\/canvas>\n\n\t\t\n\t\t<div class=\"rrj-preload-wrap\" style=\"position:relative;text-align:center;padding-bottom:56.25%;width:100%;height:0;\"><div class=\"rrj-preloader-inner\" style=\"padding-top:calc( 28.125% - 52px\"><img decoding=\"async\" alt=\"\" src=\"https:\/\/rsnb.rapportactivite.ch\/2022\/wp-content\/plugins\/rrj-advanced-charts\/assets\/images\/loading.gif\" \/><\/div><\/div>\n\t\t\r\n\t<\/div>\n<\/div>\n[\/vc_column][\/vc_row][vc_row][vc_column width=&#8221;2\/3&#8243;][vc_custom_heading text=&#8221;Activit\u00e9s de partage&#8221; font_container=&#8221;tag:h3|text_align:left&#8221; use_theme_fonts=&#8221;yes&#8221; el_class=&#8221;page-title t-small&#8221;][\/vc_column][vc_column width=&#8221;1\/3&#8243;][\/vc_column][\/vc_row][vc_row][vc_column width=&#8221;2\/3&#8243;][vc_column_text]<strong>10<sup>e<\/sup> colloque du Centre M\u00e9moire et G\u00e9riatrie<br \/>\n<\/strong>LES DIAGNOSTICS NEUROCOGNITIFS \u00c0 L\u2019\u00c8RE DES BIOMARQUEURS<strong><br \/>\n<\/strong>L&#8217;apr\u00e8s-midi du 6 octobre, \u00e0 la salle des Quais de Granson, plus de 60 personnes sont venues assister \u00e0 la dixi\u00e8me \u00e9dition du colloque annuel organis\u00e9 par le Centre M\u00e9moire et G\u00e9riatrie. Ce rendez-vous annuel devient chaque ann\u00e9e de plus en plus pris\u00e9 par les soignant\u00b7e\u00b7s de la r\u00e9gion.<br \/>\nLes orateurs ont propos\u00e9 des sujets et des r\u00e9flexions enrichissants et passionnants.[\/vc_column_text][vc_row_inner][vc_column_inner][vc_column_text]<strong>Collaboration entre ProSenectute et le Centre M\u00e9moire et G\u00e9riatrie<br \/>\n<\/strong>Pour continuer sur la lanc\u00e9e de 2021, la conf\u00e9rence, \u00ab D\u00e9mence et id\u00e9es fausses \u00bb a \u00e9t\u00e9 propos\u00e9e aux membres de ProSenectute via leur rencontre Info-S\u00e9nior. Deux conf\u00e9rences ont \u00e9t\u00e9 donn\u00e9es, le 26 septembre et le 7 novembre.[\/vc_column_text][\/vc_column_inner][\/vc_row_inner][\/vc_column][vc_column width=&#8221;1\/3&#8243;][\/vc_column][\/vc_row][vc_row][vc_column width=&#8221;2\/3&#8243;][vc_custom_heading text=&#8221;Projet CareMENS 2022-2024&#8243; font_container=&#8221;tag:h3|text_align:left&#8221; use_theme_fonts=&#8221;yes&#8221; el_class=&#8221;page-title t-small&#8221;][vc_column_text]Depuis avril 2022, le CMG est un des partenaires du projet CareMENS, mod\u00e8le de soins associant le domaine m\u00e9dical et le domaine socio-communautaire. Ce projet est soutenu par Promotion Sant\u00e9 Suisse pour une dur\u00e9e de 2 ans aupr\u00e8s de plusieurs cantons.<\/p>\n<p>Ce projet vise la pr\u00e9vention du d\u00e9clin cognitif ainsi que l\u2019am\u00e9lioration de la qualit\u00e9 de vie et le maintien de l\u2019autonomie des personnes \u00e2g\u00e9es vuln\u00e9rables pr\u00e9sentant des difficult\u00e9s cognitives d\u00e9butantes et motiv\u00e9es \u00e0 s\u2019engager dans une prise en charge pendant plusieurs mois.<\/p>\n<p><strong>Les objectifs de CareMENS :<\/strong><\/p>\n<ul>\n<li><strong>Harmoniser<br \/>\n<\/strong>D\u00e9veloppement d\u2019Interventions Psycho-Sociales (IvPS) pour les patient\u00b7e\u00b7s avec des troubles neurocognitifs d\u00e9butants, dans l\u2019ensemble des Centres M\u00e9moire romands par la neuropsychologie de groupe, la physioth\u00e9rapie de groupe et la logop\u00e9die<\/li>\n<\/ul>\n<ul>\n<li style=\"list-style-type: none;\"><\/li>\n<\/ul>\n<ul>\n<li><strong>P\u00e9renniser<br \/>\n<\/strong>Int\u00e9gration d\u2019une activit\u00e9 de loisirs communautaire afin de p\u00e9renniser les b\u00e9n\u00e9fices des Interventions Psycho-Sociales<\/li>\n<\/ul>\n<ul>\n<li><strong>Former<br \/>\n<\/strong>D\u00e9ploiement, dans un deuxi\u00e8me temps, de la formation des professionnel\u00b7le\u00b7s de la sant\u00e9 et des professionnel\u00b7le\u00b7s non soignant\u00b7e\u00b7s.<\/li>\n<\/ul>\n<p>Fin 2022, 10 patient\u00b7e\u00b7s ont \u00e9t\u00e9 inclus\u00b7es dans le projet CareMENS. Ils et elles ont \u00e9t\u00e9 r\u00e9parti\u00b7e\u00b7s en 2 groupes de 3 patient\u00b7e\u00b7s pour le suivi neuropsychologique et 4 patient\u00b7e\u00b7s pour le suivi logop\u00e9dique.[\/vc_column_text][vc_column_text][\/vc_column_text][\/vc_column][vc_column width=&#8221;1\/3&#8243;][\/vc_column][\/vc_row][vc_row][vc_column width=&#8221;2\/3&#8243;][vc_custom_heading text=&#8221;Consultation de NeuroPsychologie Ambulatoire (CNPA)&#8221; font_container=&#8221;tag:h3|text_align:left&#8221; use_theme_fonts=&#8221;yes&#8221; el_class=&#8221;page-title t-small&#8221;][\/vc_column][vc_column width=&#8221;1\/3&#8243;][\/vc_column][\/vc_row][vc_row][vc_column width=&#8221;2\/3&#8243;][vc_column_text]D\u00e8s la mi-septembre, le RSNB \u00e9toffe son offre de suivis en ouvrant une Consultation de Neuropsychologie ambulatoire (CNPA).<\/p>\n<p>Les objectifs de la CNPA sont :<\/p>\n<ul>\n<li>l&#8217;\u00e9valuation des fonctions cognitives \u00e0 l\u2019issue d\u2019un s\u00e9jour hospitalier apr\u00e8s une atteinte neurologique r\u00e9cente (moins d\u2019une ann\u00e9e) : traumatisme cranio-c\u00e9r\u00e9bral, accident vasculaire c\u00e9r\u00e9bral, enc\u00e9phalopathies, etc.<\/li>\n<li>l&#8217;appr\u00e9ciation de l\u2019aptitude \u00e0 la conduite automobile apr\u00e8s une telle atteinte\u00a0; \u00e9ventuelles propositions de prises en charge : ergoth\u00e9rapie, physioth\u00e9rapie, logop\u00e9die, neuro-r\u00e9habilitation, moniteurs de conduite, consultation pour les proches aidant\u00b7e\u00b7s, associations de malades, etc.<\/li>\n<li>d&#8217;\u00e9ventuels bilans d\u2019\u00e9volution<\/li>\n<\/ul>\n<p>Cette nouvelle consultation s\u2019adresse \u00e0 une population adulte, sur prescription d\u2019un m\u00e9decin hospitalier en collaboration avec le m\u00e9decin traitant.[\/vc_column_text][\/vc_column][vc_column width=&#8221;1\/3&#8243;][vc_column_text el_class=&#8221;text-couleur&#8221;]Fin 2022 <strong><span style=\"font-size: 14pt;\">16 patients<\/span><\/strong> ont pu b\u00e9n\u00e9ficier de cette nouvelle prestation. Les objectifs de 2023 sont de p\u00e9renniser cette prestation dans le cadre des collaborations existantes entre l\u2019h\u00f4pital, les m\u00e9decins traitants et le RSNB.[\/vc_column_text][\/vc_column][\/vc_row][vc_row][vc_column][vc_btn title=&#8221;Retour&#8221; style=&#8221;flat&#8221; shape=&#8221;square&#8221; color=&#8221;btn-rsnb1&#8243; align=&#8221;left&#8221; i_icon_fontawesome=&#8221;fas fa-angle-left&#8221; add_icon=&#8221;true&#8221; link=&#8221;url:https%3A%2F%2Frsnb.rapportactivite.ch%2F2022%2F%23prestations|title:Retour%20%C3%A0%20l&#8217;accueil&#8221; css=&#8221;.vc_custom_1685263483699{margin-top: 15px !important;}&#8221;][\/vc_column][\/vc_row]<\/p>\n<\/div>","protected":false},"excerpt":{"rendered":"<p>[vc_row][vc_column width=&#8221;2\/3&#8243;][vc_custom_heading text=&#8221;Consolidation de la consultation de 2e ligne&#8221; use_theme_fonts=&#8221;yes&#8221; el_class=&#8221;page-title&#8221;][\/vc_column][vc_column width=&#8221;1\/3&#8243;][\/vc_column][\/vc_row][vc_row][vc_column width=&#8221;2\/3&#8243;][vc_column_text]Pendant toute l\u2019ann\u00e9e 2022, les consultations de 2e ligne du Centre M\u00e9moire et G\u00e9riatrie se sont d\u00e9ploy\u00e9es pour r\u00e9pondre aux sollicitations en constante augmentation des m\u00e9decins traitant\u00b7e\u00b7s de la r\u00e9gion.[\/vc_column_text][\/vc_column][vc_column width=&#8221;1\/3&#8243;][\/vc_column][\/vc_row][vc_row][vc_column width=&#8221;2\/3&#8243;][vc_custom_heading text=&#8221;Activit\u00e9 du Centre M\u00e9moire et G\u00e9riatrie en quelques chiffres&#8221; font_container=&#8221;tag:h3|text_align:left&#8221; use_theme_fonts=&#8221;yes&#8221; [&#8230;]<\/p>\n<p><a class=\"btn btn-secondary understrap-read-more-link\" href=\"https:\/\/rsnb.rapportactivite.ch\/2022\/centre-memoire-et-geriatrie\/\">Lire la suite\u2026<span class=\"screen-reader-text\"> from Centre M\u00e9moire et G\u00e9riatrie (CMG)<\/span><\/a><\/p>\n","protected":false},"author":2,"featured_media":5109,"comment_status":"closed","ping_status":"closed","sticky":false,"template":"","format":"standard","meta":{"_acf_changed":false,"wds_primary_category":0,"footnotes":""},"categories":[6],"tags":[],"acf":[],"_links":{"self":[{"href":"https:\/\/rsnb.rapportactivite.ch\/2022\/wp-json\/wp\/v2\/posts\/306"}],"collection":[{"href":"https:\/\/rsnb.rapportactivite.ch\/2022\/wp-json\/wp\/v2\/posts"}],"about":[{"href":"https:\/\/rsnb.rapportactivite.ch\/2022\/wp-json\/wp\/v2\/types\/post"}],"author":[{"embeddable":true,"href":"https:\/\/rsnb.rapportactivite.ch\/2022\/wp-json\/wp\/v2\/users\/2"}],"replies":[{"embeddable":true,"href":"https:\/\/rsnb.rapportactivite.ch\/2022\/wp-json\/wp\/v2\/comments?post=306"}],"version-history":[{"count":264,"href":"https:\/\/rsnb.rapportactivite.ch\/2022\/wp-json\/wp\/v2\/posts\/306\/revisions"}],"predecessor-version":[{"id":5796,"href":"https:\/\/rsnb.rapportactivite.ch\/2022\/wp-json\/wp\/v2\/posts\/306\/revisions\/5796"}],"wp:featuredmedia":[{"embeddable":true,"href":"https:\/\/rsnb.rapportactivite.ch\/2022\/wp-json\/wp\/v2\/media\/5109"}],"wp:attachment":[{"href":"https:\/\/rsnb.rapportactivite.ch\/2022\/wp-json\/wp\/v2\/media?parent=306"}],"wp:term":[{"taxonomy":"category","embeddable":true,"href":"https:\/\/rsnb.rapportactivite.ch\/2022\/wp-json\/wp\/v2\/categories?post=306"},{"taxonomy":"post_tag","embeddable":true,"href":"https:\/\/rsnb.rapportactivite.ch\/2022\/wp-json\/wp\/v2\/tags?post=306"}],"curies":[{"name":"wp","href":"https:\/\/api.w.org\/{rel}","templated":true}]}}