{"id":289,"date":"2019-05-10T09:03:10","date_gmt":"2019-05-10T07:03:10","guid":{"rendered":"https:\/\/rsnb.rapportactivite.ch\/2022\/?p=289"},"modified":"2023-08-17T12:13:57","modified_gmt":"2023-08-17T10:13:57","slug":"programme-regional-de-soins-palliatifs","status":"publish","type":"post","link":"https:\/\/rsnb.rapportactivite.ch\/2022\/programme-regional-de-soins-palliatifs\/","title":{"rendered":"Equipe Mobile de Soins Palliatifs (EMSP)"},"content":{"rendered":"<div class=\"wpb-content-wrapper\"><p>[vc_row][vc_column][vc_custom_heading text=&#8221;Activit\u00e9 clinique&#8221; font_container=&#8221;tag:h3|text_align:left&#8221; use_theme_fonts=&#8221;yes&#8221; el_class=&#8221;page-title t&#8221;][\/vc_column][\/vc_row][vc_row][vc_column width=&#8221;2\/3&#8243;][vc_column_text]<strong>En 2022, le nombre total de patient\u2219e\u2219s suivi\u2219e\u2219s a pr\u00e9sent\u00e9 une diminution de 9% <\/strong>soit 35 patient\u00b7e\u00b7s de moins qu&#8217;en 2021.<\/p>\n<p>&nbsp;<\/p>\n<p>Apr\u00e8s la vague CoVID-19 qui a eu un impact sur le nombre de nouveaux et nouvelles patient\u2219e\u2219s suivi\u2219e\u2219s, la forte augmentation de 15,1% observ\u00e9e en 2021 (effet de rattrapage ?) a \u00e9t\u00e9 suivie d\u2019une diminution de 6,5% en 2022 par rapport \u00e0 2021 (-23 nouveaux patients). Il y a eu <strong>528 consultations aupr\u00e8s des patient\u2219e\u2219s en 2022<\/strong>.[\/vc_column_text][\/vc_column][vc_column width=&#8221;1\/3&#8243;]<div class=\"rrj-chart rrj-bar-chart\">\n\t<div class=\"\">\n\n\t\t\n\t\t<h6 class=\"chart-title\" style=\"text-align:left\">Nombre total de patient\u00b7e\u00b7s suivi\u00b7e\u00b7s<\/h6>\n\n\t\t\n\t\t\n\t\t\n\t\t\n\t\t<canvas id=\"snUiZz50\" style=\"width:16px;height:9px;\"><\/canvas>\n\n\t\t\n\t\t<div class=\"rrj-preload-wrap\" style=\"position:relative;text-align:center;padding-bottom:56.25%;width:100%;height:0;\"><div class=\"rrj-preloader-inner\" style=\"padding-top:calc( 28.125% - 52px\"><img decoding=\"async\" alt=\"\" src=\"https:\/\/rsnb.rapportactivite.ch\/2022\/wp-content\/plugins\/rrj-advanced-charts\/assets\/images\/loading.gif\" \/><\/div><\/div>\n\t\t\n\t<\/div>\n<\/div>\n<div class=\"rrj-chart rrj-bar-chart\">\n\t<div class=\"\">\n\n\t\t\n\t\t<h6 class=\"chart-title\" style=\"text-align:left\">Nombre de nouvelles\/nouveaux patient\u00b7e\u00b7s<\/h6>\n\n\t\t\n\t\t\n\t\t\n\t\t\n\t\t<canvas id=\"eNd4AoaB\" style=\"width:16px;height:9px;\"><\/canvas>\n\n\t\t\n\t\t<div class=\"rrj-preload-wrap\" style=\"position:relative;text-align:center;padding-bottom:56.25%;width:100%;height:0;\"><div class=\"rrj-preloader-inner\" style=\"padding-top:calc( 28.125% - 52px\"><img decoding=\"async\" alt=\"\" src=\"https:\/\/rsnb.rapportactivite.ch\/2022\/wp-content\/plugins\/rrj-advanced-charts\/assets\/images\/loading.gif\" \/><\/div><\/div>\n\t\t\n\t<\/div>\n<\/div>\n[\/vc_column][\/vc_row][vc_row][vc_column width=&#8221;2\/3&#8243;][vc_row_inner][vc_column_inner][vc_column_text]Quant au nombre total de prestations, on observe en 2022 une <strong>diminution de 5% soit 145 prestations de moins <\/strong>= 2781 prestations au total.<\/p>\n<p>Malgr\u00e9 la l\u00e9g\u00e8re diminution du nombre de patient\u00b7e\u00b7s suivi\u00b7e\u00b7s et donc de l\u2019activit\u00e9 (prestations), ces chiffres restent tr\u00e8s satisfaisants. La stabilit\u00e9 globale de l\u2019activit\u00e9 depuis 2020 montre qu\u2019\u00e0 ressources humaines stables, l\u2019activit\u00e9 clinique a atteint son \u00ab plafond \u00bb d\u2019activit\u00e9.<\/p>\n<p>&nbsp;<\/p>\n<p><strong>Le nombre de patient\u2219e\u2219s, pour qui des prestations cliniques de l\u2019EMSP ont \u00e9t\u00e9 assur\u00e9es <\/strong>en pr\u00e9sence tant des patient\u2219e\u2219s que des professionnel\u2219le\u2219s de sant\u00e9 (consultation clinique, colloque de r\u00e9seau, soutien \u00e0 la 1<sup>re<\/sup> ligne),<strong> a diminu\u00e9 de 11,5% <\/strong>soit 37 patient\u2219e\u2219s en moins par rapport \u00e0 2021.<\/p>\n<p>&nbsp;<\/p>\n<p>La facturation TarMed des prestations m\u00e9dicales de l\u2019EMSP via l&#8217;assurance obligatoire des soins s&#8217;\u00e9l\u00e8ve \u00e0 <strong>CHF 128&#8217;676,14<span style=\"color: #ff0000;\">\u00a0<\/span><\/strong>pour l&#8217;ann\u00e9e 2022, soit<span style=\"color: #000000;\"><strong> 19,6% du budget total<\/strong><\/span> de l&#8217;EMSP.[\/vc_column_text][\/vc_column_inner][\/vc_row_inner][\/vc_column][vc_column width=&#8221;1\/3&#8243;][vc_row_inner][vc_column_inner]<div class=\"rrj-chart rrj-bar-chart\">\n\t<div class=\"\">\n\n\t\t\n\t\t<h6 class=\"chart-title\" style=\"text-align:left\">Prestations totales<\/h6>\n\n\t\t\n\t\t\n\t\t\n\t\t\n\t\t<canvas id=\"ZLQa1iHu\" style=\"width:16px;height:9px;\"><\/canvas>\n\n\t\t\n\t\t<div class=\"rrj-preload-wrap\" style=\"position:relative;text-align:center;padding-bottom:56.25%;width:100%;height:0;\"><div class=\"rrj-preloader-inner\" style=\"padding-top:calc( 28.125% - 52px\"><img decoding=\"async\" alt=\"\" src=\"https:\/\/rsnb.rapportactivite.ch\/2022\/wp-content\/plugins\/rrj-advanced-charts\/assets\/images\/loading.gif\" \/><\/div><\/div>\n\t\t\n\t<\/div>\n<\/div>\n<div class=\"rrj-chart rrj-bar-chart\">\n\t<div class=\"\">\n\n\t\t\n\t\t<h6 class=\"chart-title\" style=\"text-align:left\">Prestations pr\u00e9sentielles<\/h6>\n\n\t\t\n\t\t\n\t\t\n\t\t\n\t\t<canvas id=\"40CpSE9y\" style=\"width:16px;height:9px;\"><\/canvas>\n\n\t\t\n\t\t<div class=\"rrj-preload-wrap\" style=\"position:relative;text-align:center;padding-bottom:56.25%;width:100%;height:0;\"><div class=\"rrj-preloader-inner\" style=\"padding-top:calc( 28.125% - 52px\"><img decoding=\"async\" alt=\"\" src=\"https:\/\/rsnb.rapportactivite.ch\/2022\/wp-content\/plugins\/rrj-advanced-charts\/assets\/images\/loading.gif\" \/><\/div><\/div>\n\t\t\n\t<\/div>\n<\/div>\n[\/vc_column_inner][\/vc_row_inner][\/vc_column][\/vc_row][vc_row][vc_column width=&#8221;1\/2&#8243;]<div class=\"rrj-chart rrj-pie-chart\">\n\t<div class=\" vc_custom_1684827892641\">\n\n\t\t\n\t\t<h6 class=\"chart-title\" style=\"text-align:left\">Origine des demandes<\/h6>\n\n\t\t\t\t\t\t\t\t\n\t\t\n\t\t<canvas id=\"YM5Ddwvb\" style=\"width:16px;height:9px;\"><\/canvas>\n\n\t\t\n\t\t<div class=\"rrj-preload-wrap\" style=\"position:relative;text-align:center;padding-bottom:56.25%;width:100%;height:0;\"><div class=\"rrj-preloader-inner\" style=\"padding-top:calc( 28.125% - 52px\"><img decoding=\"async\" alt=\"\" src=\"https:\/\/rsnb.rapportactivite.ch\/2022\/wp-content\/plugins\/rrj-advanced-charts\/assets\/images\/loading.gif\" \/><\/div><\/div>\n\t\t\r\n\t<\/div>\n<\/div>\n[\/vc_column][vc_column width=&#8221;1\/2&#8243;][vc_empty_space height=&#8221;46px&#8221;][vc_column_text]Provenance des demandes de prestations <span style=\"color: #000000;\">adress\u00e9es \u00e0 l\u2019EMSP en 2022 :<\/span><\/p>\n<ul>\n<li><strong>46,4% proviennent des h\u00f4pitaux <\/strong>(lits A, r\u00e9adaptation et soins palliatifs sp\u00e9cialis\u00e9s)<\/li>\n<li><strong>9,1% proviennent des structures d\u2019h\u00e9bergement<\/strong> (EMS et institutions socio-\u00e9ducatives)<\/li>\n<li><strong>43% proviennent du domicile <\/strong>(CMS, autres OSAD, soins infirmiers ind\u00e9pendants)<\/li>\n<\/ul>\n<p>[\/vc_column_text][\/vc_column][\/vc_row][vc_row][vc_column width=&#8221;1\/2&#8243;]<div class=\"rrj-chart rrj-pie-chart\">\n\t<div class=\" vc_custom_1684828067242\">\n\n\t\t\n\t\t<h6 class=\"chart-title\" style=\"text-align:left\">Origine des demandes des h\u00f4pitaux<\/h6>\n\n\t\t\t\t\t\t\t\t\n\t\t\n\t\t<canvas id=\"pQauHfjn\" style=\"width:16px;height:9px;\"><\/canvas>\n\n\t\t\n\t\t<div class=\"rrj-preload-wrap\" style=\"position:relative;text-align:center;padding-bottom:56.25%;width:100%;height:0;\"><div class=\"rrj-preloader-inner\" style=\"padding-top:calc( 28.125% - 52px\"><img decoding=\"async\" alt=\"\" src=\"https:\/\/rsnb.rapportactivite.ch\/2022\/wp-content\/plugins\/rrj-advanced-charts\/assets\/images\/loading.gif\" \/><\/div><\/div>\n\t\t\r\n\t<\/div>\n<\/div>\n[\/vc_column][vc_column width=&#8221;1\/2&#8243;][vc_empty_space height=&#8221;46px&#8221;][vc_column_text]Par rapport aux demandes de prestations adress\u00e9es \u00e0 l&#8217;EMSP provenant des h\u00f4pitaux en 2022 :<\/p>\n<ul>\n<li><strong>53,5% des demandes hospitali\u00e8res proviennent des eHnv<\/strong> : dont 51,1% de l&#8217;h\u00f4pital d\u2019Yverdon, 21,4 % de l\u2019Unit\u00e9 de soins palliatifs d\u2019Orbe, 11,9% du CTR de Chamblon et 7,1% de l\u2019h\u00f4pital de St-Loup.<\/li>\n<li><strong>21,6% des demandes hospitali\u00e8res proviennent de l\u2019HIB<\/strong> : dont 88,2% de l\u2019h\u00f4pital de Payerne, et 11,8% du CTR d\u2019Estavayer.<\/li>\n<li>Le reste se r\u00e9partit comme suit : 7,6% du RSBJ, 5,7% du PSVJ, 4,4% du CHUV, et 4,4% du CPNVD (h\u00f4pital psychiatrique).<\/li>\n<\/ul>\n<p>[\/vc_column_text][\/vc_column][\/vc_row][vc_row][vc_column width=&#8221;1\/2&#8243;]<div class=\"rrj-chart rrj-pie-chart\">\n\t<div class=\" vc_custom_1684828164248\">\n\n\t\t\n\t\t<h6 class=\"chart-title\" style=\"text-align:left\">Origine des demandes \u00e0 domicile<\/h6>\n\n\t\t\t\t\t\t\t\t\n\t\t\n\t\t<canvas id=\"IUhMsPYh\" style=\"width:16px;height:9px;\"><\/canvas>\n\n\t\t\n\t\t<div class=\"rrj-preload-wrap\" style=\"position:relative;text-align:center;padding-bottom:56.25%;width:100%;height:0;\"><div class=\"rrj-preloader-inner\" style=\"padding-top:calc( 28.125% - 52px\"><img decoding=\"async\" alt=\"\" src=\"https:\/\/rsnb.rapportactivite.ch\/2022\/wp-content\/plugins\/rrj-advanced-charts\/assets\/images\/loading.gif\" \/><\/div><\/div>\n\t\t\r\n\t<\/div>\n<\/div>\n[\/vc_column][vc_column width=&#8221;1\/2&#8243;][vc_empty_space height=&#8221;46px&#8221;][vc_column_text]Par rapport aux patient\u2219e\u2219s b\u00e9n\u00e9ficiant de soins \u00e0 domicile, <strong>94,3<\/strong><strong>% des demandes proviennent des CMS<\/strong> (ASPMAD Nord vaudois + ABSMAD Broye vaudoise), et 5,6% des demandes proviennent d\u2019un infirmier ou d&#8217;une infirmi\u00e8re ind\u00e9pendant\u2219e \u00e0 domicile. Il n&#8217;y a pas eu, en 2022, de demande provenant d&#8217;OSAD priv\u00e9es (p.ex. Sitex SA, AMAD Homecare, La Solution, etc.).<\/p>\n<p>Sur les demandes provenant des CMS:<\/p>\n<ul>\n<li>CMS du Nord vaudois (ASPMAD)\u00a0: 44 demandes (65,6%)<\/li>\n<li>CMS de la Broye vaudoise (ABSMAD) : 23 demandes (34,3%)<\/li>\n<\/ul>\n<p>[\/vc_column_text][\/vc_column][\/vc_row][vc_row][vc_column width=&#8221;1\/2&#8243;]<div class=\"rrj-chart rrj-pie-chart\">\n\t<div class=\" vc_custom_1684828205926\">\n\n\t\t\n\t\t<h6 class=\"chart-title\" style=\"text-align:left\">Motifs des demandes<\/h6>\n\n\t\t\t\t\t\t\t\t\n\t\t\n\t\t<canvas id=\"cz3OwQ9U\" style=\"width:16px;height:9px;\"><\/canvas>\n\n\t\t\n\t\t<div class=\"rrj-preload-wrap\" style=\"position:relative;text-align:center;padding-bottom:56.25%;width:100%;height:0;\"><div class=\"rrj-preloader-inner\" style=\"padding-top:calc( 28.125% - 52px\"><img decoding=\"async\" alt=\"\" src=\"https:\/\/rsnb.rapportactivite.ch\/2022\/wp-content\/plugins\/rrj-advanced-charts\/assets\/images\/loading.gif\" \/><\/div><\/div>\n\t\t\r\n\t<\/div>\n<\/div>\n[\/vc_column][vc_column width=&#8221;1\/2&#8243;][vc_empty_space height=&#8221;46px&#8221;][vc_column_text]Le motif de demande de prise en charge le plus fr\u00e9quent est de mani\u00e8re tr\u00e8s pr\u00e9dominante l\u2019<strong>aide \u00e0 la gestion des sympt\u00f4mes<\/strong> (56% des demandes), qui est souvent la \u00ab porte d\u2019entr\u00e9e \u00bb vers un suivi de l&#8217;EMSP.<\/p>\n<p>L\u2019EMSP est \u00e9galement fr\u00e9quemment sollicit\u00e9e pour<strong> favoriser le maintien \u00e0 domicile<\/strong> (29%), et pour une<strong> aide \u00e0 l\u2019orientation<\/strong> (8%).[\/vc_column_text][\/vc_column][\/vc_row][vc_row gap=&#8221;30&#8243;][vc_column width=&#8221;1\/2&#8243;]<div class=\"rrj-chart rrj-bar-chart\">\n\t<div class=\"\">\n\n\t\t\n\t\t<h6 class=\"chart-title\" style=\"text-align:left\">Age des patient\u2219e\u2219s suivi\u2219e\u2219s<\/h6>\n\n\t\t\n\t\t\n\t\t\n\t\t\n\t\t<canvas id=\"vjZ1clxo\" style=\"width:16px;height:9px;\"><\/canvas>\n\n\t\t\n\t\t<div class=\"rrj-preload-wrap\" style=\"position:relative;text-align:center;padding-bottom:56.25%;width:100%;height:0;\"><div class=\"rrj-preloader-inner\" style=\"padding-top:calc( 28.125% - 52px\"><img decoding=\"async\" alt=\"\" src=\"https:\/\/rsnb.rapportactivite.ch\/2022\/wp-content\/plugins\/rrj-advanced-charts\/assets\/images\/loading.gif\" \/><\/div><\/div>\n\t\t\n\t<\/div>\n<\/div>\n[\/vc_column][vc_column width=&#8221;1\/2&#8243;][vc_empty_space height=&#8221;46px&#8221;][vc_column_text]<strong>R\u00e9partition des patient\u00b7e\u00b7s par tranche d\u2019\u00e2ge :<\/strong><\/p>\n<ul>\n<li>22% : 64 ans et moins<\/li>\n<li>39% : entre 65 et 79 ans<\/li>\n<li>39% : 80 ans et plus<\/li>\n<\/ul>\n<p>[\/vc_column_text][\/vc_column][\/vc_row][vc_row][vc_column][vc_custom_heading text=&#8221;Autres activit\u00e9s r\u00e9alis\u00e9es par l&#8217;EMSP&#8221; font_container=&#8221;tag:h3|text_align:left&#8221; use_theme_fonts=&#8221;yes&#8221; el_class=&#8221;page-title t-small&#8221;][\/vc_column][\/vc_row][vc_row][vc_column width=&#8221;2\/3&#8243;][vc_column_text]<\/p>\n<ul>\n<li><strong>La collaboration de l&#8217;EMSP s&#8217;est poursuivie de mani\u00e8re fructueuse en 2022 aupr\u00e8s des h\u00f4pitaux<\/strong>, avec notamment une participation bimensuelle d&#8217;une infirmi\u00e8re de l&#8217;EMSP aux colloques des services de m\u00e9decine eHnv St-Loup, RSBJ, HIB Payerne, ainsi qu&#8217;\u00e0 l&#8217;Unit\u00e9 de soins palliatifs sp\u00e9cialis\u00e9s d&#8217;Orbe (eHnv), et \u00e0 la policlinique ambulatoire d&#8217;oncologie d&#8217;Yverdon (eHnv).<\/li>\n<li><strong>La collaboration a \u00e9t\u00e9 \u00e9galement tr\u00e8s bonne avec les CMS<\/strong> (ASPMAD et ABSMAD), tant au niveau clinique (consultation, soutien, regard \u00e9thique) que non-clinique (formations, pr\u00e9sentations de l&#8217;EMSP, etc.). Une collaboration accrue avec les infirmiers et infirmi\u00e8res ind\u00e9pendant\u2219e\u2219s est observ\u00e9e.<\/li>\n<li><strong>38 cours de m\u00e9decine palliative<\/strong> ont \u00e9t\u00e9 donn\u00e9s en 2022 par le Dr Tai de l&#8217;EMSP, aupr\u00e8s des m\u00e9decins hospitaliers des 5 h\u00f4pitaux de soins aigus + CTR de la r\u00e9gion : Services de m\u00e9decine eHnv Yverdon et St-Loup, CTR eHnv Orbe et Chamblon, Service de m\u00e9decine de l&#8217;HIB Payerne, Service de m\u00e9decine-chirurgie du RSBJ, Service de m\u00e9decine-chirurgie du PSVJ, Service de chirurgie eHnv Yverdon, Unit\u00e9 Emeraude du CPNVD, \u00e9quipe de Psychiatrie de liaison+Urgences-Crise.\n<ul>\n<li>Huit sujets de m\u00e9decine et soins palliatifs ont \u00e9t\u00e9 propos\u00e9s :\n<ul>\n<li><em>Introduction aux soins palliatifs + offre en soins palliatifs<\/em><\/li>\n<li><em>Antalgie et opio\u00efdes<\/em><\/li>\n<li><em>Ethique et prise de d\u00e9cision th\u00e9rapeutique<\/em><\/li>\n<li><em>S\u00e9dation palliative<\/em><\/li>\n<li><em>Dyspn\u00e9e<\/em><\/li>\n<li><em>Assistance au suicide\/euthanasie\/abstention th\u00e9rapeutique<\/em><\/li>\n<li><em>Atelier d\u2019annonce de mauvaise nouvelle<\/em><\/li>\n<li><em>Identification des situations palliatives : ID-PALL<\/em> (nouveau en 2022)<\/li>\n<\/ul>\n<\/li>\n<\/ul>\n<\/li>\n<li><strong>4 \u00ab ateliers flash \u00bb de soins palliatifs<\/strong> ont \u00e9t\u00e9 donn\u00e9s par les infirmi\u00e8res de l\u2019EMSP, au RSBJ, sur les sujets:\n<ul>\n<li style=\"list-style-type: none;\">\n<ul>\n<li><em>Comment \u00e9voquer les soins palliatifs<\/em><\/li>\n<li><em>Usage des r\u00e9serves d\u2019opio\u00efdes<\/em><\/li>\n<\/ul>\n<\/li>\n<\/ul>\n<\/li>\n<li>Poursuite de la participation de l&#8217;EMSP \u00e0 la formation <em>Fragilit\u00e9<\/em> de l&#8217;ASPMAD<\/li>\n<li>Collaboration du Dr Tai et d&#8217;une infirmi\u00e8re de l&#8217;EMSP du R\u00e9seau Sant\u00e9 La C\u00f4te avec la SI CORES dans le d\u00e9veloppement d&#8217;un nouveau dossier patient informatis\u00e9 pour les 4 EMSP du canton de Vaud, <em>Pallibase. <\/em>Cet outil est entr\u00e9 en fonction le 1.01.2023.<\/li>\n<\/ul>\n<p>[\/vc_column_text][\/vc_column][vc_column width=&#8221;1\/3&#8243;][\/vc_column][\/vc_row][vc_row][vc_column width=&#8221;2\/3&#8243;][vc_custom_heading text=&#8221;L&#8217;\u00e9quipe&#8221; font_container=&#8221;tag:h3|text_align:left&#8221; use_theme_fonts=&#8221;yes&#8221; el_class=&#8221;page-title t-small&#8221;][\/vc_column][vc_column width=&#8221;1\/3&#8243;][\/vc_column][\/vc_row][vc_row][vc_column width=&#8221;2\/3&#8243;][vc_column_text]<strong>Les ressources humaines de l&#8217;EMSP sont inchang\u00e9es depuis le <span style=\"font-family: 'Open Sans'; font-size: 12pt;\">1<\/span><span style=\"font-family: 'Open Sans'; font-size: 12pt;\"><sup>er<\/sup><\/span> juin 2020 :<\/strong><\/p>\n<ul>\n<li>Les<strong> ressources m\u00e9dicales sont de 1,2 EPT<\/strong>, \u00e0 2 m\u00e9decins. L\u2019un des m\u00e9decins (Dr Tai) a \u00e9galement le mandat de coordinateur de l\u2019EMSP \u00e0 hauteur de 0,3 EPT en sus.<\/li>\n<li>Les <strong>ressources infirmi\u00e8res sont de 2,6 EPT<\/strong>, \u00e0 4 infirmi\u00e8res.<\/li>\n<li>Les <strong>r<\/strong><strong>essources de secr\u00e9tariat sont de 0,3 EPT<\/strong>.<\/li>\n<\/ul>\n<p>Une potentielle explication de la l\u00e9g\u00e8re baisse d\u2019activit\u00e9 observ\u00e9e plus haut, est le fait qu\u2019une infirmi\u00e8re \u00e9tait en arr\u00eat accident et non remplac\u00e9e (\u20130,6 EPT durant 3 mois en 2022). La baisse proportionnellement plus importante des prestations \u00ab pr\u00e9sentielles \u00bb (-11,2%) par rapport aux prestations totales (-5,0%) conforte l\u2019hypoth\u00e8se de l\u2019impact de la baisse transitoire des R.H. sur 3 mois en 2022 en raison d\u2019un arr\u00eat accident.[\/vc_column_text][\/vc_column][vc_column width=&#8221;1\/3&#8243;]<div class=\"rrj-chart rrj-pie-chart\">\n\t<div class=\" vc_custom_1684828449355\">\n\n\t\t\n\t\t<h6 class=\"chart-title\" style=\"text-align:left\">L&#039;\u00e9quipe<\/h6>\n\n\t\t\t\t\t\t\t\t\n\t\t\n\t\t<canvas id=\"SZh2YVnn\" style=\"width:16px;height:9px;\"><\/canvas>\n\n\t\t\n\t\t<div class=\"rrj-preload-wrap\" style=\"position:relative;text-align:center;padding-bottom:56.25%;width:100%;height:0;\"><div class=\"rrj-preloader-inner\" style=\"padding-top:calc( 28.125% - 52px\"><img decoding=\"async\" alt=\"\" src=\"https:\/\/rsnb.rapportactivite.ch\/2022\/wp-content\/plugins\/rrj-advanced-charts\/assets\/images\/loading.gif\" \/><\/div><\/div>\n\t\t\r\n\t<\/div>\n<\/div>\n[\/vc_column][\/vc_row][vc_row][vc_column width=&#8221;2\/3&#8243;][vc_column_text]Les consultations cliniques aupr\u00e8s des patient\u00b7e\u00b7s ont \u00e9t\u00e9 effectu\u00e9es \u00e0 :<\/p>\n<ul>\n<li>39,2% par une infirmi\u00e8re seule<\/li>\n<li>46,7% en bin\u00f4me m\u00e9dico-infirmier<\/li>\n<li><span style=\"color: #000000;\">13,9% par un m\u00e9decin seul<\/span><\/li>\n<\/ul>\n<p>On constate une <strong>augmentation des consultations m\u00e9decin seul\u2219e <\/strong>entre 2021 et 2022, ce qui peut indiquer une augmentation des demandes m\u00e9dicales adress\u00e9es \u00e0 l&#8217;EMSP.[\/vc_column_text][\/vc_column][vc_column width=&#8221;1\/3&#8243;]<div class=\"rrj-chart rrj-pie-chart\">\n\t<div class=\" vc_custom_1684828475756\">\n\n\t\t\n\t\t<h6 class=\"chart-title\" style=\"text-align:left\">Composition lors des consultations<\/h6>\n\n\t\t\t\t\t\t\t\t\n\t\t\n\t\t<canvas id=\"unBeOAnI\" style=\"width:16px;height:9px;\"><\/canvas>\n\n\t\t\n\t\t<div class=\"rrj-preload-wrap\" style=\"position:relative;text-align:center;padding-bottom:56.25%;width:100%;height:0;\"><div class=\"rrj-preloader-inner\" style=\"padding-top:calc( 28.125% - 52px\"><img decoding=\"async\" alt=\"\" src=\"https:\/\/rsnb.rapportactivite.ch\/2022\/wp-content\/plugins\/rrj-advanced-charts\/assets\/images\/loading.gif\" \/><\/div><\/div>\n\t\t\r\n\t<\/div>\n<\/div>\n[\/vc_column][\/vc_row][vc_row][vc_column width=&#8221;2\/3&#8243;][vc_column_text el_class=&#8221;text-couleur&#8221;]<strong>2023 : un nouvel outil informatique et un nouvel audit de re-certification qualit\u00e9<\/strong><\/p>\n<ul>\n<li><em><strong>Pallibase <\/strong><\/em>: Un nouveau dossier patient informatis\u00e9, a \u00e9t\u00e9 d\u00e9velopp\u00e9 sp\u00e9cifiquement pour les 4 EMSP du canton de Vaud, sous forme d&#8217;un travail de co-d\u00e9veloppement incluant les collaboratrices et collaborateurs des EMSP; il entre en fonction le <span style=\"font-family: 'Open Sans'; font-size: 12pt;\">1<\/span><span style=\"font-family: 'Open Sans'; font-size: 12pt;\"><sup>er<\/sup><\/span> janvier 2023 et servira de base de donn\u00e9es commune pour les EMSP cantonales.<\/li>\n<li>L&#8217;EMSP passera un <strong>nouvel audit de re-certification qualit\u00e9 durant l&#8217;automne 2023<\/strong>\u00a0pour maintenir son label <em>Qualit\u00e9 dans les soins palliatifs<\/em> de qualit\u00e9palliative. Cet audit a lieu tous les cinq ans.<\/li>\n<li>Une demande de renforcement des ressources humaines de l\u2019EMSP, notamment m\u00e9dicales, est projet\u00e9e, pour assurer, en particulier, la supervision de lits de r\u00e9sidence palliative dans les institutions qui vont se d\u00e9ployer progressivement.<\/li>\n<li>Le projet d&#8217;int\u00e9gration d&#8217;une accompagnante spirituelle (0,2 EPT financ\u00e9 par les Eglises) va pouvoir aboutir en 2023 au sein de l&#8217;EMSP.<\/li>\n<li>Deux infirmi\u00e8res de l&#8217;EMSP sont en cours de formation pour obtenir un CAS en psychog\u00e9riatrie, respectivement un CAS en arts et techniques hypnotiques.<\/li>\n<\/ul>\n<p>[\/vc_column_text][\/vc_column][vc_column width=&#8221;1\/3&#8243;][\/vc_column][\/vc_row][vc_row][vc_column width=&#8221;1\/2&#8243;][vc_single_image image=&#8221;1979&#8243; img_size=&#8221;medium&#8221; add_caption=&#8221;yes&#8221; alignment=&#8221;center&#8221; onclick=&#8221;custom_link&#8221; img_link_target=&#8221;_blank&#8221; link=&#8221;http:\/\/www.qualitepalliative.ch\/le-label\/institutionscertifiees\/?L=2&#8243;][\/vc_column][vc_column width=&#8221;1\/2&#8243;][vc_btn title=&#8221;Retour&#8221; style=&#8221;flat&#8221; shape=&#8221;square&#8221; color=&#8221;btn-rsnb1&#8243; align=&#8221;left&#8221; i_icon_fontawesome=&#8221;fas fa-angle-left&#8221; add_icon=&#8221;true&#8221; link=&#8221;url:https%3A%2F%2Frsnb.rapportactivite.ch%2F2022%2F%23prestations|title:Retour%20%C3%A0%20l&#8217;accueil&#8221; css=&#8221;.vc_custom_1684836255953{margin-top: 15px !important;}&#8221;][\/vc_column][\/vc_row]<\/p>\n<\/div>","protected":false},"excerpt":{"rendered":"<p>[vc_row][vc_column][vc_custom_heading text=&#8221;Activit\u00e9 clinique&#8221; font_container=&#8221;tag:h3|text_align:left&#8221; use_theme_fonts=&#8221;yes&#8221; el_class=&#8221;page-title t&#8221;][\/vc_column][\/vc_row][vc_row][vc_column width=&#8221;2\/3&#8243;][vc_column_text]En 2022, le nombre total de patient\u2219e\u2219s suivi\u2219e\u2219s a pr\u00e9sent\u00e9 une diminution de 9% soit 35 patient\u00b7e\u00b7s de moins qu&#8217;en 2021. &nbsp; Apr\u00e8s la vague CoVID-19 qui a eu un impact sur le nombre de nouveaux et nouvelles patient\u2219e\u2219s suivi\u2219e\u2219s, la forte augmentation de 15,1% observ\u00e9e en 2021 [&#8230;]<\/p>\n<p><a class=\"btn btn-secondary understrap-read-more-link\" href=\"https:\/\/rsnb.rapportactivite.ch\/2022\/programme-regional-de-soins-palliatifs\/\">Lire la suite\u2026<span class=\"screen-reader-text\"> from Equipe Mobile de Soins Palliatifs (EMSP)<\/span><\/a><\/p>\n","protected":false},"author":2,"featured_media":5100,"comment_status":"closed","ping_status":"closed","sticky":false,"template":"","format":"standard","meta":{"_acf_changed":false,"wds_primary_category":0,"footnotes":""},"categories":[6],"tags":[],"acf":[],"_links":{"self":[{"href":"https:\/\/rsnb.rapportactivite.ch\/2022\/wp-json\/wp\/v2\/posts\/289"}],"collection":[{"href":"https:\/\/rsnb.rapportactivite.ch\/2022\/wp-json\/wp\/v2\/posts"}],"about":[{"href":"https:\/\/rsnb.rapportactivite.ch\/2022\/wp-json\/wp\/v2\/types\/post"}],"author":[{"embeddable":true,"href":"https:\/\/rsnb.rapportactivite.ch\/2022\/wp-json\/wp\/v2\/users\/2"}],"replies":[{"embeddable":true,"href":"https:\/\/rsnb.rapportactivite.ch\/2022\/wp-json\/wp\/v2\/comments?post=289"}],"version-history":[{"count":282,"href":"https:\/\/rsnb.rapportactivite.ch\/2022\/wp-json\/wp\/v2\/posts\/289\/revisions"}],"predecessor-version":[{"id":5795,"href":"https:\/\/rsnb.rapportactivite.ch\/2022\/wp-json\/wp\/v2\/posts\/289\/revisions\/5795"}],"wp:featuredmedia":[{"embeddable":true,"href":"https:\/\/rsnb.rapportactivite.ch\/2022\/wp-json\/wp\/v2\/media\/5100"}],"wp:attachment":[{"href":"https:\/\/rsnb.rapportactivite.ch\/2022\/wp-json\/wp\/v2\/media?parent=289"}],"wp:term":[{"taxonomy":"category","embeddable":true,"href":"https:\/\/rsnb.rapportactivite.ch\/2022\/wp-json\/wp\/v2\/categories?post=289"},{"taxonomy":"post_tag","embeddable":true,"href":"https:\/\/rsnb.rapportactivite.ch\/2022\/wp-json\/wp\/v2\/tags?post=289"}],"curies":[{"name":"wp","href":"https:\/\/api.w.org\/{rel}","templated":true}]}}