{"id":2746,"date":"2021-04-27T11:10:08","date_gmt":"2021-04-27T09:10:08","guid":{"rendered":"https:\/\/rsnb.rapportactivite.ch\/2022\/?p=2746"},"modified":"2023-05-24T15:34:42","modified_gmt":"2023-05-24T13:34:42","slug":"cellule-de-crise-regionale","status":"publish","type":"post","link":"https:\/\/rsnb.rapportactivite.ch\/2022\/cellule-de-crise-regionale\/","title":{"rendered":"La Cellule de crise r\u00e9gionale"},"content":{"rendered":"<div class=\"wpb-content-wrapper\"><p>[vc_row source=&#8221;&#8221; text=&#8221;Edito&#8221; font_container=&#8221;tag:h2|text_align:left&#8221; use_theme_fonts=&#8221;yes&#8221; google_fonts=&#8221;font_family:Abril%20Fatface%3Aregular|font_style:400%20regular%3A400%3Anormal&#8221; link=&#8221;&#8221;][vc_column][vc_custom_heading text=&#8221;D\u00e9velopper son enracinement&#8221; font_container=&#8221;tag:h3|text_align:left&#8221; use_theme_fonts=&#8221;yes&#8221; el_class=&#8221;page-title&#8221;][\/vc_column][\/vc_row][vc_row source=&#8221;&#8221; text=&#8221;Edito&#8221; font_container=&#8221;tag:h2|text_align:left&#8221; use_theme_fonts=&#8221;yes&#8221; google_fonts=&#8221;font_family:Abril%20Fatface%3Aregular|font_style:400%20regular%3A400%3Anormal&#8221; link=&#8221;&#8221;][vc_column width=&#8221;2\/3&#8243;][vc_column_text]<\/p>\n<h6>Mission des cellules de crise r\u00e9gionales :<\/h6>\n<h4>Intervenir pour toute crise \u00e0 composante sanitaire dans le domaine communautaire<\/h4>\n<h4><\/h4>\n<p>Durant la crise Covid de 2020, les mandataires r\u00e9gionaux de la R\u00e9ponse \u00e0 l&#8217;Urgence ont mis sur pied des cellules de crise qui se sont structur\u00e9es avec la succession des vagues de la pand\u00e9mie. Cette exp\u00e9rience ayant donn\u00e9 satisfaction, la Direction G\u00e9n\u00e9rale de la Sant\u00e9 (DGS) a mandat\u00e9 chaque R\u00e9seau, fin 2021, pour qu&#8217;il installe une cellule de crise r\u00e9gionale (CCR) permanente, qui puisse \u00eatre activ\u00e9e en cas de n\u00e9cessit\u00e9. Le RSNB a \u00e9t\u00e9 d\u00e9sign\u00e9 pour la mise en place de la cellule pilote.<\/p>\n<p>L&#8217;organisation de cette cellule s&#8217;accompagne d&#8217;un important travail de g\u00e9olocalisation des partenaires et des risques. Ces travaux se font en collaboration avec le guichet cartographique cantonal et le dispositif de gestion de crise ORCA-SAN.[\/vc_column_text][vc_column_text]<\/p>\n<h6>Attentes vis-\u00e0-vis des cellules de crise :<\/h6>\n<p>Ces attentes vont de la pr\u00e9paration \u00e0 faire face \u00e0 des dangers et des risques qui touchent le p\u00e9rim\u00e8tre de la CCR, \u00e0 l&#8217;augmentation du niveau de pr\u00e9paration, tout comme \u00e0 la mise en place de plans d\u2019actions. Le perfectionnement et des mises en situation (exercices) en font \u00e9galement partie.<\/p>\n<p>Chaque cellule doit avoir la capacit\u00e9 d&#8217;assurer la gestion de la crise d\u00e8s sa survenance tout en assurant la mont\u00e9e en puissance des ressources et des moyens au profit des institutions de sant\u00e9 impact\u00e9es, ainsi que la collaboration avec l\u2019ensemble des acteurs concern\u00e9s.[\/vc_column_text][\/vc_column][vc_column width=&#8221;1\/3&#8243;][\/vc_column][\/vc_row][vc_row source=&#8221;&#8221; text=&#8221;Edito&#8221; font_container=&#8221;tag:h2|text_align:left&#8221; use_theme_fonts=&#8221;yes&#8221; google_fonts=&#8221;font_family:Abril%20Fatface%3Aregular|font_style:400%20regular%3A400%3Anormal&#8221; link=&#8221;&#8221;][vc_column width=&#8221;2\/3&#8243;][vc_custom_heading text=&#8221;INOPIA, pr\u00e9paration \u00e0 une \u00e9ventuelle p\u00e9nurie d&#8217;\u00e9nergie&#8221; font_container=&#8221;tag:h3|text_align:left&#8221; use_theme_fonts=&#8221;yes&#8221; el_class=&#8221;page-title t-small&#8221;][vc_column_text]D\u00e8s le printemps, l&#8217;effet conjoint de restrictions en relation avec la guerre en Ukraine, avec la difficult\u00e9 d&#8217;importer du courant \u00e9lectrique en fin d&#8217;hiver, avec la s\u00e9cheresse ayant un impact sur le taux de remplissage des barrages, a pouss\u00e9 les autorit\u00e9s cantonales \u00e0 anticiper les cons\u00e9quences possibles de la situation. Des \u00e9tudes visant la prise de mesures concr\u00e8tes ont \u00e9t\u00e9 men\u00e9es dans plusieurs d\u00e9partements, dont celui de la sant\u00e9 et de l&#8217;action sociale. L<span style=\"background-color: var(--bs-body-bg); color: var(--bs-body-color); font-size: var(--bs-body-font-size); font-weight: var(--bs-body-font-weight); text-align: var(--bs-body-text-align);\">a structuration de la CCR du RSNB a \u00e9t\u00e9 mise au second plan, car l&#8217;\u00e9tude de l&#8217;impact d&#8217;\u00e9ventuelles coupures d&#8217;\u00e9lectricit\u00e9 sur les partenaires du domaine de la sant\u00e9 communautaire lui a \u00e9t\u00e9 confi\u00e9e.<\/span><\/p>\n<p>La diversit\u00e9 des partenaires r\u00e9gionaux et des situations g\u00e9ographiques a \u00e9t\u00e9 prise en compte pour \u00e9tablir un panorama complet et d\u00e9taill\u00e9, qui a servi de base \u00e0 la r\u00e9daction de <span style=\"background-color: var(--bs-body-bg); color: var(--bs-body-color); font-size: var(--bs-body-font-size); font-weight: var(--bs-body-font-weight); text-align: var(--bs-body-text-align);\">recommandations et de mesures d&#8217;urgence pragmatiques et, dans la mesure du possible, ind\u00e9pendantes de la fourniture d&#8217;\u00e9nergie. Ces \u00e9l\u00e9ments ont \u00e9t\u00e9 regroup\u00e9s en checklists sp\u00e9cifiques aux diff\u00e9rents types d&#8217;activit\u00e9s du communautaire. Elles ont ensuite \u00e9t\u00e9 distribu\u00e9es \u00e0 tous les partenaires du canton.<\/span><\/p>\n<p>Ce travail a \u00e9t\u00e9 men\u00e9 en coordination avec les collaborateurs et collaboratrices de la DGS et de la DGCS r\u00e9uni\u00b7e\u00b7s dans un groupe de travail anim\u00e9 par la cellule de gestion de crise et risques du DSAS. Il sera repris au cours des ann\u00e9es \u00e0 venir pour l&#8217;\u00e9tablissement de plans de continuit\u00e9 et de gestion des risques par les partenaires des R\u00e9seaux.[\/vc_column_text][vc_btn title=&#8221;Retour&#8221; style=&#8221;flat&#8221; shape=&#8221;square&#8221; color=&#8221;btn-rsnb1&#8243; align=&#8221;left&#8221; i_icon_fontawesome=&#8221;fas fa-angle-left&#8221; add_icon=&#8221;true&#8221; link=&#8221;url:https%3A%2F%2Frsnb.rapportactivite.ch%2F2022%2F%23reperes|title:Retour%20%C3%A0%20l&#8217;accueil&#8221; css=&#8221;.vc_custom_1684935279959{margin-top: 15px !important;}&#8221;][\/vc_column][vc_column width=&#8221;1\/3&#8243;][\/vc_column][\/vc_row]<\/p>\n<\/div>","protected":false},"excerpt":{"rendered":"<p>[vc_row source=&#8221;&#8221; text=&#8221;Edito&#8221; font_container=&#8221;tag:h2|text_align:left&#8221; use_theme_fonts=&#8221;yes&#8221; google_fonts=&#8221;font_family:Abril%20Fatface%3Aregular|font_style:400%20regular%3A400%3Anormal&#8221; link=&#8221;&#8221;][vc_column][vc_custom_heading text=&#8221;D\u00e9velopper son enracinement&#8221; font_container=&#8221;tag:h3|text_align:left&#8221; use_theme_fonts=&#8221;yes&#8221; el_class=&#8221;page-title&#8221;][\/vc_column][\/vc_row][vc_row source=&#8221;&#8221; text=&#8221;Edito&#8221; font_container=&#8221;tag:h2|text_align:left&#8221; use_theme_fonts=&#8221;yes&#8221; google_fonts=&#8221;font_family:Abril%20Fatface%3Aregular|font_style:400%20regular%3A400%3Anormal&#8221; link=&#8221;&#8221;][vc_column width=&#8221;2\/3&#8243;][vc_column_text] Mission des cellules de crise r\u00e9gionales : Intervenir pour toute crise \u00e0 composante sanitaire dans le domaine communautaire Durant la crise Covid de 2020, les mandataires r\u00e9gionaux de la R\u00e9ponse \u00e0 l&#8217;Urgence ont mis sur [&#8230;]<\/p>\n<p><a class=\"btn btn-secondary understrap-read-more-link\" href=\"https:\/\/rsnb.rapportactivite.ch\/2022\/cellule-de-crise-regionale\/\">Lire la suite\u2026<span class=\"screen-reader-text\"> from La Cellule de crise r\u00e9gionale<\/span><\/a><\/p>\n","protected":false},"author":3,"featured_media":5098,"comment_status":"closed","ping_status":"closed","sticky":false,"template":"","format":"standard","meta":{"_acf_changed":false,"wds_primary_category":0,"footnotes":""},"categories":[4],"tags":[],"acf":[],"_links":{"self":[{"href":"https:\/\/rsnb.rapportactivite.ch\/2022\/wp-json\/wp\/v2\/posts\/2746"}],"collection":[{"href":"https:\/\/rsnb.rapportactivite.ch\/2022\/wp-json\/wp\/v2\/posts"}],"about":[{"href":"https:\/\/rsnb.rapportactivite.ch\/2022\/wp-json\/wp\/v2\/types\/post"}],"author":[{"embeddable":true,"href":"https:\/\/rsnb.rapportactivite.ch\/2022\/wp-json\/wp\/v2\/users\/3"}],"replies":[{"embeddable":true,"href":"https:\/\/rsnb.rapportactivite.ch\/2022\/wp-json\/wp\/v2\/comments?post=2746"}],"version-history":[{"count":130,"href":"https:\/\/rsnb.rapportactivite.ch\/2022\/wp-json\/wp\/v2\/posts\/2746\/revisions"}],"predecessor-version":[{"id":5576,"href":"https:\/\/rsnb.rapportactivite.ch\/2022\/wp-json\/wp\/v2\/posts\/2746\/revisions\/5576"}],"wp:featuredmedia":[{"embeddable":true,"href":"https:\/\/rsnb.rapportactivite.ch\/2022\/wp-json\/wp\/v2\/media\/5098"}],"wp:attachment":[{"href":"https:\/\/rsnb.rapportactivite.ch\/2022\/wp-json\/wp\/v2\/media?parent=2746"}],"wp:term":[{"taxonomy":"category","embeddable":true,"href":"https:\/\/rsnb.rapportactivite.ch\/2022\/wp-json\/wp\/v2\/categories?post=2746"},{"taxonomy":"post_tag","embeddable":true,"href":"https:\/\/rsnb.rapportactivite.ch\/2022\/wp-json\/wp\/v2\/tags?post=2746"}],"curies":[{"name":"wp","href":"https:\/\/api.w.org\/{rel}","templated":true}]}}