{"id":227,"date":"2019-05-08T08:36:35","date_gmt":"2019-05-08T06:36:35","guid":{"rendered":"https:\/\/rsnb.rapportactivite.ch\/2022\/?p=227"},"modified":"2023-05-27T16:22:07","modified_gmt":"2023-05-27T14:22:07","slug":"les-projets-de-la-broye","status":"publish","type":"post","link":"https:\/\/rsnb.rapportactivite.ch\/2022\/les-projets-de-la-broye\/","title":{"rendered":"La R\u00e9ponse \u00e0 l&#8217;Urgence Broye"},"content":{"rendered":"<div class=\"wpb-content-wrapper\"><p>[vc_row][vc_column][vc_column_text]<\/p>\n<h5>Un d\u00e9veloppement robuste<\/h5>\n<p>Parmi ses multiples effets, la crise Covid a provoqu\u00e9 la prolongation du projet de R\u00e9ponse \u00e0 l&#8217;Urgence, dont le DSAS a fix\u00e9 la fin \u00e0 l&#8217;ann\u00e9e 2023. Les travaux de p\u00e9rennisation des dispositifs qui en d\u00e9coulent ont \u00e9t\u00e9 repouss\u00e9s d&#8217;une ann\u00e9e.<\/p>\n<p>L&#8217;IMUD et l&#8217;Urgence crise psychosomatique et liaison (UCPS-L) sont matures et la poursuite de leur croissance &#8220;en pleine terre&#8221; est envisag\u00e9e avec confiance.[\/vc_column_text][\/vc_column][\/vc_row][vc_row source=&#8221;&#8221; text=&#8221;Edito&#8221; font_container=&#8221;tag:h2|text_align:left&#8221; use_theme_fonts=&#8221;yes&#8221; google_fonts=&#8221;font_family:Abril%20Fatface%3Aregular|font_style:400%20regular%3A400%3Anormal&#8221; link=&#8221;&#8221;][vc_column width=&#8221;2\/3&#8243;][vc_column_text]<\/p>\n<h4>IMUD<\/h4>\n<p>Le nombre de sorties des IMUD continue \u00e0 progresser (+ 5% depuis 2020) alors que le nombre d&#8217;appels est en diminution (- 24% depuis 2020), ce qui montre que les demandes correspondent toujours mieux aux missions de l&#8217;\u00e9quipe. Le recours \u00e0 l&#8217;IMUD par les m\u00e9decins, lors de la garde ou lors de leur activit\u00e9 ind\u00e9pendante, peut toutefois progresser.[\/vc_column_text][\/vc_column][vc_column width=&#8221;1\/3&#8243;][vc_column_text el_class=&#8221;text-couleur&#8221;]<\/p>\n<blockquote class=\"blockquote\">\n<h4><span style=\"font-size: 18pt\"><strong>2022 en chiffres<\/strong><\/span><\/h4>\n<h5><strong><span style=\"font-size: 14pt\">IMUD (h24 7\/7)<\/span><\/strong><\/h5>\n<\/blockquote>\n<h6>\u00c0\u00a0domicile ou sur le lieu de vie<\/h6>\n<p>89 demandes en moyenne mensuelle ont donn\u00e9 lieu \u00e0 :<\/p>\n<ul>\n<li>61 interventions<\/li>\n<li>34 prestations planifi\u00e9es<\/li>\n<\/ul>\n<h6>Aux Urgences de l&#8217;HIB<\/h6>\n<p>220 interventions mensuelles ont donn\u00e9 lieu \u00e0 :<\/p>\n<ul>\n<li>142 d\u00e9tections g\u00e9riatriques<\/li>\n<li>58 retours \u00e0 domicile, soit 40% des \u00e9valuations<\/li>\n<\/ul>\n<p>[\/vc_column_text][\/vc_column][\/vc_row][vc_row source=&#8221;&#8221; text=&#8221;Edito&#8221; font_container=&#8221;tag:h2|text_align:left&#8221; use_theme_fonts=&#8221;yes&#8221; google_fonts=&#8221;font_family:Abril%20Fatface%3Aregular|font_style:400%20regular%3A400%3Anormal&#8221; link=&#8221;&#8221;][vc_column width=&#8221;2\/3&#8243;][vc_column_text]<\/p>\n<h4>Urgence\u00a0crise psychosomatique et liaison<\/h4>\n<p>L&#8217;UCPS-L a, elle aussi, connu une progression de ses activit\u00e9s en 2022, surtout en raison de son soutien \u00e0 l&#8217;Unit\u00e9 de psychiatrie ambulatoire de Payerne.[\/vc_column_text][\/vc_column][vc_column width=&#8221;1\/3&#8243;][vc_column_text el_class=&#8221;text-couleur&#8221;]<\/p>\n<h5><span style=\"font-size: 14pt\"><strong>UCPSL (h8 5\/7)<\/strong><\/span><\/h5>\n<h6>Au sein de l&#8217;HIB<\/h6>\n<p>31 prestations mensuelles<\/p>\n<ul>\n<li>8 interventions aux Urgences (+21%)<\/li>\n<li>5 interventions aux soins intensifs (-43%)<\/li>\n<li>18 interventions en liaison (-41%)<\/li>\n<\/ul>\n<h6>Prestations ambulatoires<\/h6>\n<p>43 consultations mensuelles (+80%)[\/vc_column_text][\/vc_column][\/vc_row][vc_row title=&#8221;Retour&#8221; style=&#8221;flat&#8221; gradient_color_1=&#8221;turquoise&#8221; gradient_color_2=&#8221;vista-blue&#8221; gradient_custom_color_1=&#8221;#dd3333&#8243; gradient_custom_color_2=&#8221;#eeee22&#8243; gradient_text_color=&#8221;#ffffff&#8221; custom_background=&#8221;#ededed&#8221; custom_text=&#8221;#666666&#8243; outline_custom_color=&#8221;#666666&#8243; outline_custom_hover_background=&#8221;#666666&#8243; outline_custom_hover_text=&#8221;#ffffff&#8221; shape=&#8221;square&#8221; color=&#8221;btn-rsnb1&#8243; size=&#8221;md&#8221; align=&#8221;right&#8221; button_block=&#8221;&#8221; add_icon=&#8221;true&#8221; i_align=&#8221;left&#8221; i_type=&#8221;fontawesome&#8221; i_icon_fontawesome=&#8221;fas fa-angle-left&#8221; i_icon_openiconic=&#8221;vc-oi vc-oi-dial&#8221; i_icon_typicons=&#8221;typcn typcn-adjust-brightness&#8221; i_icon_entypo=&#8221;entypo-icon entypo-icon-note&#8221; i_icon_linecons=&#8221;vc_li vc_li-heart&#8221; i_icon_monosocial=&#8221;vc-mono vc-mono-fivehundredpx&#8221; i_icon_material=&#8221;vc-material vc-material-cake&#8221; i_icon_pixelicons=&#8221;vc_pixel_icon vc_pixel_icon-alert&#8221; custom_onclick=&#8221;&#8221; link=&#8221;url:https%3A%2F%2Frsnb.rapportactivite.ch%2F2020%2F%23edito|title:Retour%20%C3%A0%20l&#8217;accueil&#8221; css=&#8221;.vc_custom_1621413058326{margin-top: 15px !important;}&#8221; custom_onclick_code=&#8221;&#8221;][vc_column width=&#8221;2\/3&#8243;][vc_btn title=&#8221;Retour&#8221; style=&#8221;flat&#8221; shape=&#8221;square&#8221; color=&#8221;btn-rsnb1&#8243; align=&#8221;left&#8221; i_icon_fontawesome=&#8221;fas fa-angle-left&#8221; add_icon=&#8221;true&#8221; link=&#8221;url:https%3A%2F%2Frsnb.rapportactivite.ch%2F2022%2F%23projets|title:Retour%20%C3%A0%20l&#8217;accueil&#8221; css=&#8221;.vc_custom_1684935618347{margin-top: 15px !important;}&#8221;][\/vc_column][vc_column width=&#8221;1\/3&#8243;][\/vc_column][\/vc_row]<\/p>\n<\/div>","protected":false},"excerpt":{"rendered":"<p>[vc_row][vc_column][vc_column_text] Un d\u00e9veloppement robuste Parmi ses multiples effets, la crise Covid a provoqu\u00e9 la prolongation du projet de R\u00e9ponse \u00e0 l&#8217;Urgence, dont le DSAS a fix\u00e9 la fin \u00e0 l&#8217;ann\u00e9e 2023. Les travaux de p\u00e9rennisation des dispositifs qui en d\u00e9coulent ont \u00e9t\u00e9 repouss\u00e9s d&#8217;une ann\u00e9e. L&#8217;IMUD et l&#8217;Urgence crise psychosomatique et liaison (UCPS-L) sont matures [&#8230;]<\/p>\n<p><a class=\"btn btn-secondary understrap-read-more-link\" href=\"https:\/\/rsnb.rapportactivite.ch\/2022\/les-projets-de-la-broye\/\">Lire la suite\u2026<span class=\"screen-reader-text\"> from La R\u00e9ponse \u00e0 l&#8217;Urgence Broye<\/span><\/a><\/p>\n","protected":false},"author":2,"featured_media":5154,"comment_status":"open","ping_status":"open","sticky":false,"template":"","format":"standard","meta":{"_acf_changed":false,"wds_primary_category":0,"footnotes":""},"categories":[5],"tags":[],"acf":[],"_links":{"self":[{"href":"https:\/\/rsnb.rapportactivite.ch\/2022\/wp-json\/wp\/v2\/posts\/227"}],"collection":[{"href":"https:\/\/rsnb.rapportactivite.ch\/2022\/wp-json\/wp\/v2\/posts"}],"about":[{"href":"https:\/\/rsnb.rapportactivite.ch\/2022\/wp-json\/wp\/v2\/types\/post"}],"author":[{"embeddable":true,"href":"https:\/\/rsnb.rapportactivite.ch\/2022\/wp-json\/wp\/v2\/users\/2"}],"replies":[{"embeddable":true,"href":"https:\/\/rsnb.rapportactivite.ch\/2022\/wp-json\/wp\/v2\/comments?post=227"}],"version-history":[{"count":152,"href":"https:\/\/rsnb.rapportactivite.ch\/2022\/wp-json\/wp\/v2\/posts\/227\/revisions"}],"predecessor-version":[{"id":2568,"href":"https:\/\/rsnb.rapportactivite.ch\/2022\/wp-json\/wp\/v2\/posts\/227\/revisions\/2568"}],"wp:featuredmedia":[{"embeddable":true,"href":"https:\/\/rsnb.rapportactivite.ch\/2022\/wp-json\/wp\/v2\/media\/5154"}],"wp:attachment":[{"href":"https:\/\/rsnb.rapportactivite.ch\/2022\/wp-json\/wp\/v2\/media?parent=227"}],"wp:term":[{"taxonomy":"category","embeddable":true,"href":"https:\/\/rsnb.rapportactivite.ch\/2022\/wp-json\/wp\/v2\/categories?post=227"},{"taxonomy":"post_tag","embeddable":true,"href":"https:\/\/rsnb.rapportactivite.ch\/2022\/wp-json\/wp\/v2\/tags?post=227"}],"curies":[{"name":"wp","href":"https:\/\/api.w.org\/{rel}","templated":true}]}}