{"id":1453,"date":"2019-06-10T10:52:41","date_gmt":"2019-06-10T08:52:41","guid":{"rendered":"https:\/\/rsnb.rapportactivite.ch\/2022\/?p=1453"},"modified":"2023-05-30T08:20:13","modified_gmt":"2023-05-30T06:20:13","slug":"trajectoire-sante-et-vieillissement","status":"publish","type":"post","link":"https:\/\/rsnb.rapportactivite.ch\/2022\/trajectoire-sante-et-vieillissement\/","title":{"rendered":"Trajectoire sant\u00e9 et vieillissement"},"content":{"rendered":"<div class=\"wpb-content-wrapper\"><p>[vc_row source=&#8221;&#8221; text=&#8221;Edito&#8221; font_container=&#8221;tag:h2|text_align:left&#8221; use_theme_fonts=&#8221;yes&#8221; google_fonts=&#8221;font_family:Abril%20Fatface%3Aregular|font_style:400%20regular%3A400%3Anormal&#8221; link=&#8221;&#8221;][vc_column width=&#8221;2\/3&#8243;][vc_custom_heading text=&#8221;Renforcer la connaissance du terrain&#8221; font_container=&#8221;tag:h3|text_align:left&#8221; use_theme_fonts=&#8221;yes&#8221; el_class=&#8221;page-title t&#8221;][vc_column_text]Initi\u00e9e mi-2021, l&#8217;\u00e9tude &#8220;Trajectoire, Sant\u00e9 et Vieillissement&#8221; a pour but de cartographier l&#8217;offre existante et les besoins propres \u00e0 la trajectoire de sant\u00e9 de la personne \u00e2g\u00e9e dans les domaines suivants :<\/p>\n<ul>\n<li>Pr\u00e9vention, promotion de la sant\u00e9 et soins palliatifs<\/li>\n<li>Type de r\u00e9ponse stationnaire, ambulatoire et communautaire<\/li>\n<li>Comp\u00e9tences des 1re, 2e et 3e lignes<\/li>\n<li>Processus transverses<\/li>\n<\/ul>\n<p>Cette premi\u00e8re \u00e9tape, men\u00e9e par un groupe de partenaires puis compl\u00e9t\u00e9e par une douzaine de focus groups, a conduit \u00e0 l&#8217;identification des principaux enjeux, des points forts et des situations \u00e0 am\u00e9liorer dans le syst\u00e8me r\u00e9gional. Une quarantaine d&#8217;actions potentielles ont ainsi \u00e9t\u00e9 pr\u00e9sent\u00e9es au cours d&#8217;un world caf\u00e9 regroupant d&#8217;autres professionnel\u00b7le\u00b7s concern\u00e9\u00b7e\u00b7s, afin de jeter un regard neuf sur ces r\u00e9sultats. Chacune de ces actions a \u00e9t\u00e9 minutieusement analys\u00e9e et prioris\u00e9e par les participant\u00b7e\u00b7s.[\/vc_column_text][\/vc_column][vc_column width=&#8221;1\/3&#8243;][\/vc_column][\/vc_row][vc_row][vc_column width=&#8221;2\/3&#8243;][vc_custom_heading text=&#8221;S\u00e9lectionner les pousses les plus robustes&#8221; font_container=&#8221;tag:h3|text_align:left&#8221; use_theme_fonts=&#8221;yes&#8221; el_class=&#8221;page-title t-small&#8221;][\/vc_column][vc_column width=&#8221;1\/3&#8243;][\/vc_column][\/vc_row][vc_row][vc_column width=&#8221;2\/3&#8243;][vc_column_text]Au cours du deuxi\u00e8me semestre, ces actions ont \u00e9t\u00e9 approfondies et leur potentielle adaptation a \u00e9t\u00e9 confirm\u00e9e afin de permettre une premi\u00e8re s\u00e9lection par le comit\u00e9 de pilotage. Elles seront d\u00e9velopp\u00e9es <span style=\"background-color: var(--bs-body-bg);color: var(--bs-body-color);font-size: var(--bs-body-font-size);font-weight: var(--bs-body-font-weight);text-align: var(--bs-body-text-align)\">d\u00e9but 2023,<\/span><span style=\"background-color: var(--bs-body-bg);color: var(--bs-body-color);font-size: var(--bs-body-font-size);font-weight: var(--bs-body-font-weight);text-align: var(--bs-body-text-align)\"> sous la forme de fiches d&#8217;initialisation de projet, pour permettre une validation finale par le Comit\u00e9 du RSNB.<\/span><\/p>\n<p>Simultan\u00e9ment, six d&#8217;entre elles \u00e9taient pr\u00e9sent\u00e9es lors de l&#8217;appel \u00e0 projets du DSAS Vieillir2030 qui a pour ambition de cr\u00e9er une vision sant\u00e9-sociale coh\u00e9rente et strat\u00e9gique du &#8220;vieillir ensemble&#8221; dans le canton de Vaud.[\/vc_column_text]<div class=\"stats-block stats-top  \"><div class=\"aio-icon-top\"><div class=\"ult-just-icon-wrapper  \"><div class=\"align-icon\" style=\"text-align:center;\"><\/div><\/div><\/div><div class=\"stats-desc\" id=\"counter-responsv-wrap-7165\"><div id=\"counter_114217608169f73a9e7dcca\" data-id=\"counter_114217608169f73a9e7dcca\"  data-ultimate-target='#counter-responsv-wrap-7165 .stats-number'  data-responsive-json-new='{\"font-size\":\"desktop:60px;\",\"line-height\":\"\"}'  class=\"stats-number ult-responsive\" style=\"  font-family:&#039;Maven Pro&#039;;font-weight:900;\" data-speed=\"3\" data-counter-value=\"29\" data-separator=\",\" data-decimal=\".\">0<\/div><div id=\"title-counter_114217608169f73a9e7dcca\"  data-ultimate-target='#counter-responsv-wrap-7165 .stats-text'  data-responsive-json-new='{\"font-size\":\"\",\"line-height\":\"\"}'  class=\"stats-text ult-responsive\" style=\"font-size:18px;  font-family:&#039;Maven Pro&#039;;font-weight:500;\">id\u00e9es novatrices poursuivront leur trajectoire de s\u00e9lection en 2023<\/div><\/div><\/div>[\/vc_column][vc_column width=&#8221;1\/3&#8243;][vc_column_text el_class=&#8221;text-couleur&#8221;]<\/p>\n<h6><strong>Les <span style=\"font-size: 18pt\">5<\/span> meilleurs scores<\/strong><\/h6>\n<p>Lors du world caf\u00e9 de juin 2022, ces actions ont \u00e9t\u00e9 pl\u00e9biscit\u00e9es<\/p>\n<ul>\n<li><span style=\"font-size: 10pt\">D\u00e9velopper et mutualiser la formation des premi\u00e8res lignes de soins<\/span><\/li>\n<li><span style=\"font-size: 10pt\">Am\u00e9liorer la qualit\u00e9 et la rapidit\u00e9 de transmission des documents de sortie d&#8217;h\u00f4pital<\/span><\/li>\n<li><span style=\"font-size: 10pt\">D\u00e9velopper et renforcer l&#8217;offre en court s\u00e9jour <\/span><\/li>\n<li><span style=\"font-size: 10pt\">Renforcer la dotation de l&#8217;\u00c9quipe Mobile de Psychiatrie de l&#8217;\u00c2ge Avanc\u00e9 (EMPAA) et de l&#8217;\u00c9quipe Mobile de Soins Palliatifs (EMSP)<\/span><\/li>\n<li><span style=\"font-size: 10pt\">Renforcer la collaboration avec les communes, les s\u00e9niors et les citoyens<\/span><\/li>\n<\/ul>\n<p>[\/vc_column_text][\/vc_column][\/vc_row][vc_row][vc_column][vc_btn title=&#8221;Retour&#8221; style=&#8221;flat&#8221; shape=&#8221;square&#8221; color=&#8221;btn-rsnb1&#8243; align=&#8221;left&#8221; i_icon_fontawesome=&#8221;fas fa-angle-left&#8221; add_icon=&#8221;true&#8221; link=&#8221;url:https%3A%2F%2Frsnb.rapportactivite.ch%2F2022%2F%23reperes|title:Retour%20%C3%A0%20l&#8217;accueil&#8221; css=&#8221;.vc_custom_1684935298466{margin-top: 15px !important;}&#8221;][\/vc_column][\/vc_row]<\/p>\n<\/div>","protected":false},"excerpt":{"rendered":"<p>[vc_row source=&#8221;&#8221; text=&#8221;Edito&#8221; font_container=&#8221;tag:h2|text_align:left&#8221; use_theme_fonts=&#8221;yes&#8221; google_fonts=&#8221;font_family:Abril%20Fatface%3Aregular|font_style:400%20regular%3A400%3Anormal&#8221; link=&#8221;&#8221;][vc_column width=&#8221;2\/3&#8243;][vc_custom_heading text=&#8221;Renforcer la connaissance du terrain&#8221; font_container=&#8221;tag:h3|text_align:left&#8221; use_theme_fonts=&#8221;yes&#8221; el_class=&#8221;page-title t&#8221;][vc_column_text]Initi\u00e9e mi-2021, l&#8217;\u00e9tude &#8220;Trajectoire, Sant\u00e9 et Vieillissement&#8221; a pour but de cartographier l&#8217;offre existante et les besoins propres \u00e0 la trajectoire de sant\u00e9 de la personne \u00e2g\u00e9e dans les domaines suivants : Pr\u00e9vention, promotion de la sant\u00e9 et soins [&#8230;]<\/p>\n<p><a class=\"btn btn-secondary understrap-read-more-link\" href=\"https:\/\/rsnb.rapportactivite.ch\/2022\/trajectoire-sante-et-vieillissement\/\">Lire la suite\u2026<span class=\"screen-reader-text\"> from Trajectoire sant\u00e9 et vieillissement<\/span><\/a><\/p>\n","protected":false},"author":3,"featured_media":5105,"comment_status":"closed","ping_status":"closed","sticky":false,"template":"","format":"standard","meta":{"_acf_changed":false,"wds_primary_category":0,"footnotes":""},"categories":[4],"tags":[],"acf":[],"_links":{"self":[{"href":"https:\/\/rsnb.rapportactivite.ch\/2022\/wp-json\/wp\/v2\/posts\/1453"}],"collection":[{"href":"https:\/\/rsnb.rapportactivite.ch\/2022\/wp-json\/wp\/v2\/posts"}],"about":[{"href":"https:\/\/rsnb.rapportactivite.ch\/2022\/wp-json\/wp\/v2\/types\/post"}],"author":[{"embeddable":true,"href":"https:\/\/rsnb.rapportactivite.ch\/2022\/wp-json\/wp\/v2\/users\/3"}],"replies":[{"embeddable":true,"href":"https:\/\/rsnb.rapportactivite.ch\/2022\/wp-json\/wp\/v2\/comments?post=1453"}],"version-history":[{"count":183,"href":"https:\/\/rsnb.rapportactivite.ch\/2022\/wp-json\/wp\/v2\/posts\/1453\/revisions"}],"predecessor-version":[{"id":5732,"href":"https:\/\/rsnb.rapportactivite.ch\/2022\/wp-json\/wp\/v2\/posts\/1453\/revisions\/5732"}],"wp:featuredmedia":[{"embeddable":true,"href":"https:\/\/rsnb.rapportactivite.ch\/2022\/wp-json\/wp\/v2\/media\/5105"}],"wp:attachment":[{"href":"https:\/\/rsnb.rapportactivite.ch\/2022\/wp-json\/wp\/v2\/media?parent=1453"}],"wp:term":[{"taxonomy":"category","embeddable":true,"href":"https:\/\/rsnb.rapportactivite.ch\/2022\/wp-json\/wp\/v2\/categories?post=1453"},{"taxonomy":"post_tag","embeddable":true,"href":"https:\/\/rsnb.rapportactivite.ch\/2022\/wp-json\/wp\/v2\/tags?post=1453"}],"curies":[{"name":"wp","href":"https:\/\/api.w.org\/{rel}","templated":true}]}}