{"id":1221,"date":"2019-06-07T19:29:21","date_gmt":"2019-06-07T17:29:21","guid":{"rendered":"https:\/\/rsnb.rapportactivite.ch\/2022\/?p=1221"},"modified":"2023-05-30T11:03:01","modified_gmt":"2023-05-30T09:03:01","slug":"edito","status":"publish","type":"post","link":"https:\/\/rsnb.rapportactivite.ch\/2022\/edito\/","title":{"rendered":"Edito"},"content":{"rendered":"<div class=\"wpb-content-wrapper\"><p>[vc_row][vc_column][vc_custom_heading text=&#8221;Cultiver et fertiliser&#8221; font_container=&#8221;tag:h3|text_align:left&#8221; use_theme_fonts=&#8221;yes&#8221; el_class=&#8221;page-title&#8221;][\/vc_column][\/vc_row][vc_row][vc_column width=&#8221;2\/3&#8243;][vc_column_text]C\u2019est vers la fin du si\u00e8cle pass\u00e9 qu\u2019a germ\u00e9 l\u2019id\u00e9e qu\u2019il \u00e9tait n\u00e9cessaire et urgent de d\u00e9cloisonner le syst\u00e8me de sant\u00e9 r\u00e9gional en amenant les institutions et les m\u00e9decins ind\u00e9pendants \u00e0 se mettre en r\u00e9seau pour mieux collaborer. D\u00e8s les balbutiements, il avait paru \u00e9vident qu\u2019un dossier partag\u00e9 serait n\u00e9cessaire pour que l\u2019information circule de mani\u00e8re fluide et s\u00e9curis\u00e9e dans ce syst\u00e8me r\u00e9form\u00e9. Deux graines \u00e9taient donc sem\u00e9es simultan\u00e9ment mais, alors que le terrain du r\u00e9seau verdissait joliment au b\u00e9n\u00e9fice de tous, celui du dossier \u00e9lectronique du patient (DEP) restait d\u00e9sesp\u00e9r\u00e9ment st\u00e9rile. La technologie n\u2019\u00e9tait pas encore au rendez-vous, et la communaut\u00e9 sanitaire pas pr\u00eate \u00e0 faire le saut.<\/p>\n<p>Une bonne g\u00e9n\u00e9ration plus tard, le R\u00e9seau Sant\u00e9 Nord Broye (RSNB) a pris racine. Au prix d\u2019efforts constants, il a d\u00e9velopp\u00e9 ses ramifications, apportant de nouvelles prestations dans les domaines de l\u2019orientation des patients, de la coordination des soins, du diab\u00e8te, des soins palliatifs, de la g\u00e9riatrie, de la sant\u00e9 mentale, de la r\u00e9ponse \u00e0 l\u2019urgence, etc. Il coordonne une cellule de crise r\u00e9gionale qui s\u2019est activ\u00e9e au moment du COVID et reste vigilante dans le domaine de la sant\u00e9 communautaire, en mati\u00e8re d\u2019engorgement des lits, d\u2019afflux de migrants ou d\u2019approvisionnement en \u00e9nergie. Dans le m\u00eame temps, le DEP suscitait certes des efforts de d\u00e9veloppement mais, en termes d\u2019utilit\u00e9 pratique, restait une coquille vide.<\/p>\n<h5>Le DEP, une essence d\u00e9licate, \u00e0 cultiver avec pers\u00e9v\u00e9rance<\/h5>\n<p>R\u00e9cemment, avec l\u2019entr\u00e9e en vigueur d\u2019un cadre l\u00e9gal et l\u2019activation de la communaut\u00e9 CARA, responsable du d\u00e9ploiement du DEP en Suisse occidentale, le RSNB a re\u00e7u la mission d\u2019assister les institutions et les patients de la r\u00e9gion dans la cr\u00e9ation des indispensables identit\u00e9s num\u00e9riques et l\u2019ouverture de dossiers individuels. Les conditions de germination sont donc enfin r\u00e9unies, mais qu\u2019on ne s\u2019emballe pas\u00a0! Le DEP est une essence d\u00e9licate qui devra, n\u2019en d\u00e9plaise aux politiciens press\u00e9s, \u00eatre cultiv\u00e9e avec un maximum de pr\u00e9cautions et de pers\u00e9v\u00e9rance.<\/p>\n<p>Pour pouvoir envisager une premi\u00e8re floraison, il faudra en tous les cas partir \u00e0 la rencontre de la population, ce \u00e0 quoi s\u2019emploie d\u00e8s maintenant le RSNB\u00a0; il faudra aussi que les grandes institutions commencent \u00e0 alimenter automatiquement le syst\u00e8me et, surtout, que des applications \u00e0 haute valeur ajout\u00e9e y fassent leur apparition, comme un plan de m\u00e9dication partag\u00e9, r\u00e9clam\u00e9 \u00e0 grands cris dans notre r\u00e9gion suite \u00e0 un essai pilote prometteur.[\/vc_column_text][\/vc_column][vc_column width=&#8221;1\/3&#8243;][vc_column_text el_class=&#8221;text-couleur&#8221;]<i>\u00ab C&#8217;est \u00e0 force de r\u00e9pandre le bon grain qu&#8217;une semence finit par tomber dans un sillon fertile.<\/i><i>\u00a0\u00bb\u00a0<\/i><\/p>\n<p><i>Jules Vernes<\/i>[\/vc_column_text][\/vc_column][\/vc_row][vc_row][vc_column width=&#8221;2\/3&#8243;][vc_btn title=&#8221;Retour&#8221; style=&#8221;flat&#8221; shape=&#8221;square&#8221; color=&#8221;btn-rsnb1&#8243; align=&#8221;left&#8221; i_icon_fontawesome=&#8221;fas fa-angle-left&#8221; add_icon=&#8221;true&#8221; link=&#8221;url:https%3A%2F%2Frsnb.rapportactivite.ch%2F2022%2F%23edito|title:Retour%20%C3%A0%20l&#8217;accueil&#8221; css=&#8221;.vc_custom_1684935339145{margin-top: 15px !important;}&#8221;][\/vc_column][vc_column width=&#8221;1\/3&#8243;][\/vc_column][\/vc_row]<\/p>\n<\/div>","protected":false},"excerpt":{"rendered":"<p>[vc_row][vc_column][vc_custom_heading text=&#8221;Cultiver et fertiliser&#8221; font_container=&#8221;tag:h3|text_align:left&#8221; use_theme_fonts=&#8221;yes&#8221; el_class=&#8221;page-title&#8221;][\/vc_column][\/vc_row][vc_row][vc_column width=&#8221;2\/3&#8243;][vc_column_text]C\u2019est vers la fin du si\u00e8cle pass\u00e9 qu\u2019a germ\u00e9 l\u2019id\u00e9e qu\u2019il \u00e9tait n\u00e9cessaire et urgent de d\u00e9cloisonner le syst\u00e8me de sant\u00e9 r\u00e9gional en amenant les institutions et les m\u00e9decins ind\u00e9pendants \u00e0 se mettre en r\u00e9seau pour mieux collaborer. D\u00e8s les balbutiements, il avait paru \u00e9vident qu\u2019un dossier partag\u00e9 [&#8230;]<\/p>\n<p><a class=\"btn btn-secondary understrap-read-more-link\" href=\"https:\/\/rsnb.rapportactivite.ch\/2022\/edito\/\">Lire la suite\u2026<span class=\"screen-reader-text\"> from Edito<\/span><\/a><\/p>\n","protected":false},"author":3,"featured_media":5048,"comment_status":"closed","ping_status":"closed","sticky":false,"template":"","format":"standard","meta":{"_acf_changed":false,"wds_primary_category":0,"footnotes":""},"categories":[1],"tags":[],"acf":[],"_links":{"self":[{"href":"https:\/\/rsnb.rapportactivite.ch\/2022\/wp-json\/wp\/v2\/posts\/1221"}],"collection":[{"href":"https:\/\/rsnb.rapportactivite.ch\/2022\/wp-json\/wp\/v2\/posts"}],"about":[{"href":"https:\/\/rsnb.rapportactivite.ch\/2022\/wp-json\/wp\/v2\/types\/post"}],"author":[{"embeddable":true,"href":"https:\/\/rsnb.rapportactivite.ch\/2022\/wp-json\/wp\/v2\/users\/3"}],"replies":[{"embeddable":true,"href":"https:\/\/rsnb.rapportactivite.ch\/2022\/wp-json\/wp\/v2\/comments?post=1221"}],"version-history":[{"count":68,"href":"https:\/\/rsnb.rapportactivite.ch\/2022\/wp-json\/wp\/v2\/posts\/1221\/revisions"}],"predecessor-version":[{"id":5765,"href":"https:\/\/rsnb.rapportactivite.ch\/2022\/wp-json\/wp\/v2\/posts\/1221\/revisions\/5765"}],"wp:featuredmedia":[{"embeddable":true,"href":"https:\/\/rsnb.rapportactivite.ch\/2022\/wp-json\/wp\/v2\/media\/5048"}],"wp:attachment":[{"href":"https:\/\/rsnb.rapportactivite.ch\/2022\/wp-json\/wp\/v2\/media?parent=1221"}],"wp:term":[{"taxonomy":"category","embeddable":true,"href":"https:\/\/rsnb.rapportactivite.ch\/2022\/wp-json\/wp\/v2\/categories?post=1221"},{"taxonomy":"post_tag","embeddable":true,"href":"https:\/\/rsnb.rapportactivite.ch\/2022\/wp-json\/wp\/v2\/tags?post=1221"}],"curies":[{"name":"wp","href":"https:\/\/api.w.org\/{rel}","templated":true}]}}