{"id":3391,"date":"2021-05-16T18:29:51","date_gmt":"2021-05-16T16:29:51","guid":{"rendered":"https:\/\/rsnb.rapportactivite.ch\/2021\/?p=3391"},"modified":"2022-06-01T09:09:35","modified_gmt":"2022-06-01T07:09:35","slug":"dates","status":"publish","type":"post","link":"https:\/\/rsnb.rapportactivite.ch\/2021\/dates\/","title":{"rendered":"Quelques autres rep\u00e8res"},"content":{"rendered":"<div class=\"wpb-content-wrapper\"><p>[vc_row source=&#8221;&#8221; text=&#8221;Edito&#8221; font_container=&#8221;tag:h2|text_align:left&#8221; use_theme_fonts=&#8221;yes&#8221; google_fonts=&#8221;font_family:Abril%20Fatface%3Aregular|font_style:400%20regular%3A400%3Anormal&#8221; link=&#8221;&#8221;][vc_column width=&#8221;2\/3&#8243;][vc_custom_heading text=&#8221;&#8221; font_container=&#8221;tag:h3|text_align:left&#8221; use_theme_fonts=&#8221;yes&#8221; el_class=&#8221;page-title&#8221;]<div id=\"ult-carousel-73735992969f37cd39f689\" class=\"ult-carousel-wrapper   ult_horizontal\" data-gutter=\"15\" data-rtl=\"false\" ><div class=\"ult-carousel-241505324569f37cd39f3da \" >[vc_column_text]Deux assembl\u00e9es g\u00e9n\u00e9rales ont \u00e9t\u00e9 tenues en 2021. La premi\u00e8re, pr\u00e9vue le 17 juin, s&#8217;est finalement d\u00e9roul\u00e9e par correspondance. La deuxi\u00e8me, le 9 d\u00e9cembre, a pu se d\u00e9rouler en pr\u00e9sence \u00e0 la salle des Quais \u00e0 Grandson.<\/p>\n<h3>Assembl\u00e9e G\u00e9n\u00e9rale du 17 juin<\/h3>\n<ul>\n<li>Les comptes 2020 ont \u00e9t\u00e9 accept\u00e9s et d\u00e9charge a \u00e9t\u00e9 donn\u00e9e au comit\u00e9 pour sa gestion.<\/li>\n<li>6 demandes d&#8217;adh\u00e9sion ont \u00e9t\u00e9 accept\u00e9es, dont 1 organisation de soins \u00e0 domicile et 5 infirmi\u00e8res ind\u00e9pendantes.<\/li>\n<li>Le comit\u00e9 du RSNB a \u00e9t\u00e9 compl\u00e9t\u00e9 par les nominations de Messieurs Rodolphe Rouillon, Directeur G\u00e9n\u00e9ral de l&#8217;HIB, et Luis Villa, Directeur de la Fondation Saphir.<\/li>\n<li>La r\u00e9vision des comptes 2021 a \u00e9t\u00e9 confi\u00e9e \u00e0 BFB Fidam r\u00e9vision SA.<\/li>\n<\/ul>\n<h3>Assembl\u00e9e G\u00e9n\u00e9rale du 9 d\u00e9cembre<\/h3>\n<p>L&#8217;assembl\u00e9e g\u00e9n\u00e9rale s&#8217;est tenue en pr\u00e9sence, apr\u00e8s 3 assembl\u00e9es par correspondance.<\/p>\n<ul>\n<li>Le budget 2022, avec la r\u00e9serve d&#8217;acceptation par la Direction G\u00e9n\u00e9rale de la Sant\u00e9 des subventions demand\u00e9es, et les cotisations 2022 ont \u00e9t\u00e9 adopt\u00e9es.<\/li>\n<li>2 demandes d&#8217;adh\u00e9sion par des infirmi\u00e8res ind\u00e9pendantes ont \u00e9t\u00e9 accept\u00e9es.<\/li>\n<li>La repr\u00e9sentante des communes de la Broye au comit\u00e9 a \u00e9t\u00e9 nomm\u00e9e, en la personne de Madame Nicole Rapin, syndique de Corcelles-pr\u00e8s-Payerne.<\/li>\n<\/ul>\n<p>Cette assembl\u00e9e a \u00e9t\u00e9 l&#8217;occasion de revenir sur ces deux ann\u00e9es de crise sanitaire et de faire le point sur les enjeux et perspectives futurs.[\/vc_column_text][vc_column_text]<\/p>\n<h3>Conf\u00e9rences th\u00e9matiques<\/h3>\n<p>Avec l\u2019assouplissement des restrictions sanitaires, 2 conf\u00e9rences ont pu \u00eatre organis\u00e9es.<\/p>\n<p>Conf\u00e9rence du 2 septembre 2021 :<\/p>\n<p><span style=\"font-size: 14pt;\"><strong>C\u2019est arriv\u00e9 pr\u00e8s de chez vous &#8211;\u00a0<\/strong><\/span><strong><span style=\"font-size: 14pt;\">Abus financiers et vuln\u00e9rabilit\u00e9s<\/span><br \/>\n<\/strong>Conf\u00e9rence donn\u00e9e par\u00a0<strong>S\u00e9bastien Laurent<\/strong>\u00a0&#8211; Juge de paix &#8211; Justice de paix des districts du Jura-Nord vaudois et du Gros-de-Vaud &amp;\u00a0<strong>Delphine Renard<\/strong>\u00a0&#8211; M\u00e9decin au Centre M\u00e9moire et G\u00e9riatrie du R\u00e9seau Sant\u00e9 Nord Broye<\/p>\n<p><img loading=\"lazy\" decoding=\"async\" class=\"alignnone size-medium wp-image-3965\" src=\"https:\/\/rsnb.rapportactivite.ch\/2021\/wp-content\/uploads\/sites\/7\/2021\/05\/Conference-image-1-300x200.png\" alt=\"\" width=\"300\" height=\"200\" srcset=\"https:\/\/rsnb.rapportactivite.ch\/2021\/wp-content\/uploads\/sites\/7\/2021\/05\/Conference-image-1-300x200.png 300w, https:\/\/rsnb.rapportactivite.ch\/2021\/wp-content\/uploads\/sites\/7\/2021\/05\/Conference-image-1-1024x682.png 1024w, https:\/\/rsnb.rapportactivite.ch\/2021\/wp-content\/uploads\/sites\/7\/2021\/05\/Conference-image-1-768x512.png 768w, https:\/\/rsnb.rapportactivite.ch\/2021\/wp-content\/uploads\/sites\/7\/2021\/05\/Conference-image-1-1536x1024.png 1536w, https:\/\/rsnb.rapportactivite.ch\/2021\/wp-content\/uploads\/sites\/7\/2021\/05\/Conference-image-1.png 2000w\" sizes=\"(max-width: 300px) 100vw, 300px\" \/><\/p>\n<p>&nbsp;<\/p>\n<p>Conf\u00e9rence du 2 d\u00e9cembre 2021 :<\/p>\n<p><span style=\"font-size: 14pt;\"><strong>\u00catre proches aidant\u00b7e\u00b7s, <\/strong><strong>entre les discours et la r\u00e9alit\u00e9 &#8211; <\/strong><\/span><strong><span style=\"font-size: 14pt;\">Consid\u00e9rations \u00e9thiques et philosophiques<\/span><br \/>\n<\/strong>Conf\u00e9rence donn\u00e9e par\u00a0<strong>Charlotte Gilart de Keranflec\u2019h &#8211; <\/strong>Ma\u00eetre d\u2019enseignement, HESAV<\/p>\n<p><img loading=\"lazy\" decoding=\"async\" class=\"alignnone wp-image-3966\" src=\"https:\/\/rsnb.rapportactivite.ch\/2021\/wp-content\/uploads\/sites\/7\/2021\/05\/Conference-image-2-300x114.png\" alt=\"\" width=\"405\" height=\"154\" srcset=\"https:\/\/rsnb.rapportactivite.ch\/2021\/wp-content\/uploads\/sites\/7\/2021\/05\/Conference-image-2-300x114.png 300w, https:\/\/rsnb.rapportactivite.ch\/2021\/wp-content\/uploads\/sites\/7\/2021\/05\/Conference-image-2.png 700w\" sizes=\"(max-width: 405px) 100vw, 405px\" \/>[\/vc_column_text][vc_column_text]<\/p>\n<h3>Les Chroniques du R\u00e9seau<\/h3>\n<p>Poursuivant la collaboration initi\u00e9e en 2019 avec le journal &#8220;La R\u00e9gion&#8221;, 6 nouvelles chroniques ont \u00e9t\u00e9 \u00e9crites par le Olivier Bettens ou Yves K\u00fchne. Elles sont disponibles en cliquant sur les titres :<\/p>\n<ul>\n<li><a href=\"https:\/\/www.reseau-sante-nord-broye.ch\/system\/files\/2021-02-01_osonsloptimisme_ykuhne.pdf\" target=\"_blank\" rel=\"noopener\">&#8220;Osons l&#8217;optimisme&#8221;<\/a>\u00a0 &#8211;\u00a0 1<sup>er<\/sup> f\u00e9vrier 2021, Yves K\u00fchne<\/li>\n<li><a href=\"https:\/\/www.reseau-sante-nord-broye.ch\/system\/files\/31mars2021.pdf\" target=\"_blank\" rel=\"noopener\">&#8220;Vaccination : faites monter la vague&#8221;<\/a>\u00a0 &#8211;\u00a0 31 mars 2021, Olivier Bettens<\/li>\n<li><a href=\"https:\/\/www.reseau-sante-nord-broye.ch\/system\/files\/2021-06-9_chronique_obettens.pdf\" target=\"_blank\" rel=\"noopener\">&#8220;Imaginez l&#8217;h\u00f4pital du futur&#8221;<\/a>\u00a0 &#8211;\u00a0 9 juin 2021, Olivier Bettens<\/li>\n<li><a href=\"https:\/\/www.reseau-sante-nord-broye.ch\/system\/files\/2021-09-07_chronique_laregion_yk.pdf\" target=\"_blank\" rel=\"noopener\">&#8220;Au service de la continuit\u00e9 des soins&#8221;<\/a>\u00a0 &#8211;\u00a0 7 septembre 2021, Yves K\u00fchne<\/li>\n<li><a href=\"https:\/\/www.reseau-sante-nord-broye.ch\/system\/files\/chroniqueob_13octobre2021.pdf\" target=\"_blank\" rel=\"noopener\">&#8220;Qui sont les proches aidants&#8221;<\/a>\u00a0 &#8211;\u00a0 13 octobre 2021, Olivier Bettens<\/li>\n<li><a href=\"https:\/\/www.reseau-sante-nord-broye.ch\/system\/files\/2021-12-01_ykuhne_chronique_laregion.pdf\" target=\"_blank\" rel=\"noopener\">&#8220;Soins infirmiers : un pas dans la bonne direction&#8221;<\/a>\u00a0 &#8211;\u00a0 1er d\u00e9cembre 2021, Yves K\u00fchne<\/li>\n<\/ul>\n<p>Les autres chroniques ou articles sont disponibles sur le site, <a href=\"https:\/\/www.reseau-sante-nord-broye.ch\/chroniques-la-region\" target=\"_blank\" rel=\"noopener\">cliquer ici<\/a><\/p>\n<h3>Les \u00c9chos du R\u00e9seau<\/h3>\n<p>Deux \u00e0 quatre fois par an, le bulletin d\u2019information du RSNB est adress\u00e9 par mail aux membres et aux diff\u00e9rents partenaires associ\u00e9s ou int\u00e9ress\u00e9s par les travaux ou par les r\u00e9flexions du RSNB. Les Echos du R\u00e9seau sont ainsi adress\u00e9s \u00e0 un peu plus de 600 personnes.<\/p>\n<p>Le taux d\u2019ouverture du bulletin d&#8217;information se situe g\u00e9n\u00e9ralement entre 40 et 55%, selon le monitorage du syst\u00e8me qui rel\u00e8ve les lecteurs et lectrices ayant cliqu\u00e9 sur le lien.<\/p>\n<p><strong>En 2021, trois bulletins ont \u00e9t\u00e9 r\u00e9dig\u00e9s :<\/strong><\/p>\n<ul>\n<li>En juillet : &#8220;Se (re)mettre en mouvement&#8230;&#8221; \u2013 <a href=\"https:\/\/email.adveo.ch\/t\/ViewEmail\/j\/8707BCF253C0EFA22540EF23F30FEDED\" target=\"_blank\" rel=\"noopener\">voir le n\u00b033<\/a><\/li>\n<li>En novembre : &#8220;Prendre soin de son diab\u00e8te&#8230; et de soi-m\u00eame&#8221; \u2013 <a href=\"https:\/\/email.adveo.ch\/t\/ViewEmail\/j\/91E4E4822E9241512540EF23F30FEDED\/F973965C29771F3FC5EC08CADFFC107B\" target=\"_blank\" rel=\"noopener\">voir le n\u00b034<\/a><\/li>\n<li>En d\u00e9cembre : &#8220;Joyeuses f\u00eates et meilleurs v\u0153ux pour 2022&#8230; restons unis et positifs !&#8221; \u2013 <a href=\"https:\/\/email.adveo.ch\/t\/ViewEmail\/j\/C635C6D29EF22C102540EF23F30FEDED\/F973965C29771F3FC5EC08CADFFC107B?alternativeLink=False\" target=\"_blank\" rel=\"noopener\">voir le n\u00b035<\/a><\/li>\n<\/ul>\n<p>Pour d\u00e9couvrir les autres num\u00e9ros, <a href=\"https:\/\/www.reseau-sante-nord-broye.ch\/les-echos-du-reseau\" target=\"_blank\" rel=\"noopener noreferrer\">cliquer ici<\/a>[\/vc_column_text]<\/div><\/div>\t\t\t<script type=\"text\/javascript\">\n\t\t\t\tjQuery(document).ready(function ($) {\n\t\t\t\t\tif( typeof jQuery('.ult-carousel-241505324569f37cd39f3da').slick == \"function\"){\n\t\t\t\t\t\t$('.ult-carousel-241505324569f37cd39f3da').slick({dots: true,autoplaySpeed: \"5000\",speed: \"300\",infinite: true,arrows: true,nextArrow: '<button type=\"button\" role=\"button\" aria-label=\"Next\" style=\"color:#333333; font-size:20px;\" class=\"slick-next default\"><i class=\"ultsl-arrow-right4\"><\/i><\/button>',prevArrow: '<button type=\"button\" role=\"button\" aria-label=\"Previous\" style=\"color:#333333; font-size:20px;\" class=\"slick-prev default\"><i class=\"ultsl-arrow-left4\"><\/i><\/button>',slidesToScroll:1,slidesToShow:1,swipe: true,draggable: true,touchMove: true,pauseOnHover: true,pauseOnFocus: false,responsive: [\n\t\t\t\t\t\t\t{\n\t\t\t\t\t\t\t  breakpoint: 1026,\n\t\t\t\t\t\t\t  settings: {\n\t\t\t\t\t\t\t\tslidesToShow: 1,\n\t\t\t\t\t\t\t\tslidesToScroll: 1,  \n\t\t\t\t\t\t\t  }\n\t\t\t\t\t\t\t},\n\t\t\t\t\t\t\t{\n\t\t\t\t\t\t\t  breakpoint: 1025,\n\t\t\t\t\t\t\t  settings: {\n\t\t\t\t\t\t\t\tslidesToShow: 1,\n\t\t\t\t\t\t\t\tslidesToScroll: 1\n\t\t\t\t\t\t\t  }\n\t\t\t\t\t\t\t},\n\t\t\t\t\t\t\t{\n\t\t\t\t\t\t\t  breakpoint: 760,\n\t\t\t\t\t\t\t  settings: {\n\t\t\t\t\t\t\t\tslidesToShow: 1,\n\t\t\t\t\t\t\t\tslidesToScroll: 1\n\t\t\t\t\t\t\t  }\n\t\t\t\t\t\t\t}\n\t\t\t\t\t\t],pauseOnDotsHover: true,customPaging: function(slider, i) {\n                   return '<i type=\"button\" style= \"color:#333333;\" class=\"ultsl-radio-unchecked\" data-role=\"none\"><\/i>';\n                },});\n\t\t\t\t\t}\n\t\t\t\t});\n\t\t\t<\/script>\n\t\t\t[vc_btn title=&#8221;Retour&#8221; style=&#8221;flat&#8221; shape=&#8221;square&#8221; color=&#8221;btn-rsnb1&#8243; align=&#8221;right&#8221; i_icon_fontawesome=&#8221;fas fa-angle-left&#8221; add_icon=&#8221;true&#8221; link=&#8221;url:https%3A%2F%2Frsnb.rapportactivite.ch%2F2021%2F%23reperes|title:Retour%20%C3%A0%20l&#8217;accueil&#8221; css=&#8221;.vc_custom_1653642363029{margin-top: 15px !important;}&#8221;][\/vc_column][vc_column width=&#8221;1\/3&#8243;][\/vc_column][\/vc_row]<\/p>\n<\/div>","protected":false},"excerpt":{"rendered":"<p>[vc_row source=&#8221;&#8221; text=&#8221;Edito&#8221; font_container=&#8221;tag:h2|text_align:left&#8221; use_theme_fonts=&#8221;yes&#8221; google_fonts=&#8221;font_family:Abril%20Fatface%3Aregular|font_style:400%20regular%3A400%3Anormal&#8221; link=&#8221;&#8221;][vc_column width=&#8221;2\/3&#8243;][vc_custom_heading text=&#8221;&#8221; font_container=&#8221;tag:h3|text_align:left&#8221; use_theme_fonts=&#8221;yes&#8221; el_class=&#8221;page-title&#8221;][vc_btn title=&#8221;Retour&#8221; style=&#8221;flat&#8221; shape=&#8221;square&#8221; color=&#8221;btn-rsnb1&#8243; align=&#8221;right&#8221; i_icon_fontawesome=&#8221;fas fa-angle-left&#8221; add_icon=&#8221;true&#8221; link=&#8221;url:https%3A%2F%2Frsnb.rapportactivite.ch%2F2021%2F%23reperes|title:Retour%20%C3%A0%20l&#8217;accueil&#8221; css=&#8221;.vc_custom_1653642363029{margin-top: 15px !important;}&#8221;][\/vc_column][vc_column width=&#8221;1\/3&#8243;][\/vc_column][\/vc_row] [&#8230;]<\/p>\n<p><a class=\"btn btn-secondary understrap-read-more-link\" href=\"https:\/\/rsnb.rapportactivite.ch\/2021\/dates\/\">Lire la suite\u2026<span class=\"screen-reader-text\"> from Quelques autres rep\u00e8res<\/span><\/a><\/p>\n","protected":false},"author":3,"featured_media":4737,"comment_status":"closed","ping_status":"closed","sticky":false,"template":"","format":"standard","meta":{"_acf_changed":false,"wds_primary_category":0,"footnotes":""},"categories":[4],"tags":[],"acf":[],"_links":{"self":[{"href":"https:\/\/rsnb.rapportactivite.ch\/2021\/wp-json\/wp\/v2\/posts\/3391"}],"collection":[{"href":"https:\/\/rsnb.rapportactivite.ch\/2021\/wp-json\/wp\/v2\/posts"}],"about":[{"href":"https:\/\/rsnb.rapportactivite.ch\/2021\/wp-json\/wp\/v2\/types\/post"}],"author":[{"embeddable":true,"href":"https:\/\/rsnb.rapportactivite.ch\/2021\/wp-json\/wp\/v2\/users\/3"}],"replies":[{"embeddable":true,"href":"https:\/\/rsnb.rapportactivite.ch\/2021\/wp-json\/wp\/v2\/comments?post=3391"}],"version-history":[{"count":101,"href":"https:\/\/rsnb.rapportactivite.ch\/2021\/wp-json\/wp\/v2\/posts\/3391\/revisions"}],"predecessor-version":[{"id":4720,"href":"https:\/\/rsnb.rapportactivite.ch\/2021\/wp-json\/wp\/v2\/posts\/3391\/revisions\/4720"}],"wp:featuredmedia":[{"embeddable":true,"href":"https:\/\/rsnb.rapportactivite.ch\/2021\/wp-json\/wp\/v2\/media\/4737"}],"wp:attachment":[{"href":"https:\/\/rsnb.rapportactivite.ch\/2021\/wp-json\/wp\/v2\/media?parent=3391"}],"wp:term":[{"taxonomy":"category","embeddable":true,"href":"https:\/\/rsnb.rapportactivite.ch\/2021\/wp-json\/wp\/v2\/categories?post=3391"},{"taxonomy":"post_tag","embeddable":true,"href":"https:\/\/rsnb.rapportactivite.ch\/2021\/wp-json\/wp\/v2\/tags?post=3391"}],"curies":[{"name":"wp","href":"https:\/\/api.w.org\/{rel}","templated":true}]}}